{"id":5592,"date":"2022-02-06T16:37:50","date_gmt":"2022-02-06T14:37:50","guid":{"rendered":"http:\/\/sven-teuber.info\/wordpress\/kunst-macht-schule\/"},"modified":"2022-03-27T20:21:30","modified_gmt":"2022-03-27T18:21:30","slug":"kunst-macht-schule","status":"publish","type":"post","link":"https:\/\/sven-teuber.info\/wordpress\/kunst-macht-schule\/","title":{"rendered":"KUNST MACHT SCHULE!"},"content":{"rendered":"\n<h3 class=\"wp-block-heading\"><sub>crossart international im Foyer der VHS in Bergisch Gladbach<\/sub><\/h3>\n\n\n\n<p class=\"wp-block-paragraph\">Die Vorbereitungen laufen auf Hochtouren. Am Montag, 07.02.2022 ist es soweit \u2013 da startet die Ausstellung \u201eEinfach Kunst\u201c im Foyer der VHS in Bergisch Gladbach um 19.00 Uhr mit Live-Musik von Rafael Stolarski. 12 K\u00fcnstlerInnen: Nina Marxen, Anne Palitza, Adi Topo, Susanne Fritsch, Rudolf Kaplan, Dirk Bachem, Sven Teuber, Robelis Rodriguez Mijares, Adam Sochaj, Ilse Wurzel, Kathrin Broden und Peter M\u00fcck stellen ihre Kunstwerke bis zum 04.03.2022&nbsp; aus.<\/p>\n\n\n\n<p class=\"wp-block-paragraph\">https:\/\/www.crossartlive.de\/blog\/2022\/02\/06\/kunst-macht-schule\/<\/p>\n","protected":false},"excerpt":{"rendered":"<p>crossart international im Foyer der VHS in Bergisch Gladbach Die Vorbereitungen laufen auf Hochtouren. Am Montag, 07.02.2022 ist es soweit \u2013 da startet die Ausstellung \u201eEinfach Kunst\u201c im Foyer der VHS in Bergisch Gladbach um 19.00 Uhr mit Live-Musik von &hellip; <a href=\"https:\/\/sven-teuber.info\/wordpress\/kunst-macht-schule\/\">Weiterlesen <span class=\"meta-nav\">&rarr;<\/span><\/a><\/p>\n","protected":false},"author":2,"featured_media":0,"comment_status":"open","ping_status":"open","sticky":false,"template":"","format":"standard","meta":{"_crdt_document":"","jetpack_post_was_ever_published":false,"_jetpack_newsletter_access":"","_jetpack_dont_email_post_to_subs":false,"_jetpack_newsletter_tier_id":0,"_jetpack_memberships_contains_paywalled_content":false,"_jetpack_memberships_contains_paid_content":false,"footnotes":"","jetpack_publicize_message":"","jetpack_publicize_feature_enabled":true,"jetpack_social_post_already_shared":true,"jetpack_social_options":{"image_generator_settings":{"template":"highway","default_image_id":0,"font":"","enabled":false},"version":2}},"categories":[1,23,4],"tags":[191],"class_list":["post-5592","post","type-post","status-publish","format-standard","hentry","category-allgemein","category-events","category-exhibition","tag-vernissage"],"jetpack_publicize_connections":[],"jetpack_featured_media_url":"","jetpack_sharing_enabled":true,"jetpack_shortlink":"https:\/\/wp.me\/p3CWBT-1sc","jetpack-related-posts":[{"id":5548,"url":"https:\/\/sven-teuber.info\/wordpress\/ausstellung-einfach-kunst-vernissage-7-2-2022-crossart-international\/","url_meta":{"origin":5592,"position":0},"title":"Ausstellung: &#8222;Einfach Kunst&#8220; Vernissage 7.2.2022, Crossart International","author":"steuber","date":"28. Dezember 2021","format":false,"excerpt":"Sehr geehrte Damen und Herren, liebe Kunstfreund*innen wir laden ein zur Kunstausstellung: EINFACH KUNST ! Gruppenausstellung K\u00fcnstlernetzwerk crossart internationalVernissage: 07.02.2022, 19 Uhrmit Vorstellung der teilnehmenden K\u00fcnstler*innen: Nina Marxen, Anne Palitza, Adi Topo, Susanne Fritsch, Rudolf Kaplan, Dirk Bachem, Sven Teuber, Robelis Rodriguez Mijares, Adam Sochaj, Ilse Wurzel, Kathrin Broden, Peter\u2026","rel":"","context":"In &quot;Allgemein&quot;","block_context":{"text":"Allgemein","link":"https:\/\/sven-teuber.info\/wordpress\/category\/allgemein\/"},"img":{"alt_text":"","src":"https:\/\/i0.wp.com\/sven-teuber.info\/wordpress\/wp-content\/uploads\/2021\/12\/Einfach-kunst-.jpg?resize=350%2C200&ssl=1","width":350,"height":200,"srcset":"https:\/\/i0.wp.com\/sven-teuber.info\/wordpress\/wp-content\/uploads\/2021\/12\/Einfach-kunst-.jpg?resize=350%2C200&ssl=1 1x, https:\/\/i0.wp.com\/sven-teuber.info\/wordpress\/wp-content\/uploads\/2021\/12\/Einfach-kunst-.jpg?resize=525%2C300&ssl=1 1.5x, https:\/\/i0.wp.com\/sven-teuber.info\/wordpress\/wp-content\/uploads\/2021\/12\/Einfach-kunst-.jpg?resize=700%2C400&ssl=1 2x, https:\/\/i0.wp.com\/sven-teuber.info\/wordpress\/wp-content\/uploads\/2021\/12\/Einfach-kunst-.jpg?resize=1050%2C600&ssl=1 3x, https:\/\/i0.wp.com\/sven-teuber.info\/wordpress\/wp-content\/uploads\/2021\/12\/Einfach-kunst-.jpg?resize=1400%2C800&ssl=1 4x"},"classes":[]},{"id":3158,"url":"https:\/\/sven-teuber.info\/wordpress\/letzteminuteweihnachtskunstausstellung\/","url_meta":{"origin":5592,"position":1},"title":"Letzteminuteweihnachtskunstausstellung","author":"steuber","date":"16. Dezember 2015","format":"aside","excerpt":"Liebe Kunstbegeisterte Freunde leider knubbeln sich zu Weihnachten die Termine. Ich w\u00fcrde mich trotzdem freuen einige von Euch in meiner neuen Galerie ohne Namen begr\u00fc\u00dfen zu d\u00fcrfen. Am Freitag 18.12. von 17. bis 19.00 Uhr Samstag 19.12. von 16 bis 18.00 Uhr Werden wir mit Weihnachtsmusik ein paar leckeren Pl\u00e4tzchen\u2026","rel":"","context":"In &quot;Events&quot;","block_context":{"text":"Events","link":"https:\/\/sven-teuber.info\/wordpress\/category\/events\/"},"img":{"alt_text":"","src":"","width":0,"height":0},"classes":[]},{"id":5593,"url":"https:\/\/sven-teuber.info\/wordpress\/kunst-mit-kunst-verbinden\/","url_meta":{"origin":5592,"position":2},"title":"KUNST MIT KUNST VERBINDEN","author":"steuber","date":"9. Februar 2022","format":false,"excerpt":"https:\/\/www.crossartlive.de\/blog\/2022\/02\/09\/kunst-mit-kunst-verbinden-crossart-macht-schule-vernissage-einfach-kunst\/","rel":"","context":"In &quot;Allgemein&quot;","block_context":{"text":"Allgemein","link":"https:\/\/sven-teuber.info\/wordpress\/category\/allgemein\/"},"img":{"alt_text":"","src":"","width":0,"height":0},"classes":[]},{"id":6562,"url":"https:\/\/sven-teuber.info\/wordpress\/der-ursprung-des-kunstwerks-und-die-offenbarung-des-unsagbar\/","url_meta":{"origin":5592,"position":3},"title":"Der Ursprung des Kunstwerks und die Offenbarung des Unsagbaren","author":"Nataljia Vibescu","date":"3. August 2025","format":false,"excerpt":"Vorwort:Der auf einem Korpus mit vier Materialvorlagen gr\u00fcndende, interdisziplin\u00e4re, kunstwissenschaftliche und kritische Essay von Dr. Natalia Teuber-Terrones verbindet philosophische Kunst- und \u00c4sthetiktheorien (Heidegger, Gabriel, Adorno, Benjamin) mit konkreten Werkanalysen (Rilke, Thorak) zu einer kritischen Untersuchung der einzigartigen Macht der Kunst \u2013 ihrer F\u00e4higkeit zur Weltsch\u00f6pfung und Wahrheitsoffenbarung, ihrer transformatorischen Kraft\u2026","rel":"","context":"In &quot;Allgemein&quot;","block_context":{"text":"Allgemein","link":"https:\/\/sven-teuber.info\/wordpress\/category\/allgemein\/"},"img":{"alt_text":"","src":"https:\/\/i0.wp.com\/sven-teuber.info\/wordpress\/wp-content\/uploads\/2025\/08\/Josef-Thorak-Berlin.jpg?resize=350%2C200&ssl=1","width":350,"height":200,"srcset":"https:\/\/i0.wp.com\/sven-teuber.info\/wordpress\/wp-content\/uploads\/2025\/08\/Josef-Thorak-Berlin.jpg?resize=350%2C200&ssl=1 1x, https:\/\/i0.wp.com\/sven-teuber.info\/wordpress\/wp-content\/uploads\/2025\/08\/Josef-Thorak-Berlin.jpg?resize=525%2C300&ssl=1 1.5x"},"classes":[]},{"id":4150,"url":"https:\/\/sven-teuber.info\/wordpress\/titel-dada-is-not-selfie\/","url_meta":{"origin":5592,"position":4},"title":"Titel: &#8222;Dada is not Selfie&#8220;","author":"steuber","date":"14. Mai 2017","format":false,"excerpt":"Aktuelles DAS SELFIE-PROJEKT Gruppenausstellung K\u00fcnstlernetzwerk crossart international Galerie & Antiquariat Rolf Hartung Beteiligte K\u00fcnstler: matoon, Torsten Wolber, LEONI A. J\u00e4kel, Bina Placzek-Theisen, Ebba Jahn, Peter M\u00fcck, Karin M\u00fchlwitz (kam\u00fa), Sylvia Reu\u00dfe, Sylvia D\u00f6lz, Petra Nettesheim, Manfred F\u00fcrth, Gitti Richardson, Chris Schulz, Hans Kohl, Alexis Derchain, Sven Teuber, Gabriele M\u00fcller, Jochen\u2026","rel":"","context":"In &quot;Exhibition&quot;","block_context":{"text":"Exhibition","link":"https:\/\/sven-teuber.info\/wordpress\/category\/exhibition\/"},"img":{"alt_text":"","src":"https:\/\/i0.wp.com\/sven-teuber.info\/wordpress\/wp-content\/uploads\/2017\/05\/Dada-is-not-Selfie.jpg?resize=350%2C200","width":350,"height":200,"srcset":"https:\/\/i0.wp.com\/sven-teuber.info\/wordpress\/wp-content\/uploads\/2017\/05\/Dada-is-not-Selfie.jpg?resize=350%2C200 1x, https:\/\/i0.wp.com\/sven-teuber.info\/wordpress\/wp-content\/uploads\/2017\/05\/Dada-is-not-Selfie.jpg?resize=525%2C300 1.5x, https:\/\/i0.wp.com\/sven-teuber.info\/wordpress\/wp-content\/uploads\/2017\/05\/Dada-is-not-Selfie.jpg?resize=700%2C400 2x, https:\/\/i0.wp.com\/sven-teuber.info\/wordpress\/wp-content\/uploads\/2017\/05\/Dada-is-not-Selfie.jpg?resize=1050%2C600 3x"},"classes":[]},{"id":3252,"url":"https:\/\/sven-teuber.info\/wordpress\/joseph-beuys\/","url_meta":{"origin":5592,"position":5},"title":"Joseph Beuys","author":"steuber","date":"22. Januar 2016","format":"video","excerpt":"Joseph Beuys (geboren am 12. Mai 1921 in Krefeld gestorben am 23. Januar 1986 in D\u00fcsseldorf) war ein deutscher Bildhauer, Zeichner sowie Aktionsk\u00fcnstler.\u00a0 Wie kaum ein anderer hat Joseph Beuys seit den 60er Jahren die Definition, was Kunst ist, relativiert. Sein Engagement gipfelte in der Aktion \"Jeder Mensch ist ein\u2026","rel":"","context":"In &quot;Allgemein&quot;","block_context":{"text":"Allgemein","link":"https:\/\/sven-teuber.info\/wordpress\/category\/allgemein\/"},"img":{"alt_text":"","src":"","width":0,"height":0},"classes":[]}],"jetpack_likes_enabled":true,"_links":{"self":[{"href":"https:\/\/sven-teuber.info\/wordpress\/wp-json\/wp\/v2\/posts\/5592","targetHints":{"allow":["GET"]}}],"collection":[{"href":"https:\/\/sven-teuber.info\/wordpress\/wp-json\/wp\/v2\/posts"}],"about":[{"href":"https:\/\/sven-teuber.info\/wordpress\/wp-json\/wp\/v2\/types\/post"}],"author":[{"embeddable":true,"href":"https:\/\/sven-teuber.info\/wordpress\/wp-json\/wp\/v2\/users\/2"}],"replies":[{"embeddable":true,"href":"https:\/\/sven-teuber.info\/wordpress\/wp-json\/wp\/v2\/comments?post=5592"}],"version-history":[{"count":2,"href":"https:\/\/sven-teuber.info\/wordpress\/wp-json\/wp\/v2\/posts\/5592\/revisions"}],"predecessor-version":[{"id":5610,"href":"https:\/\/sven-teuber.info\/wordpress\/wp-json\/wp\/v2\/posts\/5592\/revisions\/5610"}],"wp:attachment":[{"href":"https:\/\/sven-teuber.info\/wordpress\/wp-json\/wp\/v2\/media?parent=5592"}],"wp:term":[{"taxonomy":"category","embeddable":true,"href":"https:\/\/sven-teuber.info\/wordpress\/wp-json\/wp\/v2\/categories?post=5592"},{"taxonomy":"post_tag","embeddable":true,"href":"https:\/\/sven-teuber.info\/wordpress\/wp-json\/wp\/v2\/tags?post=5592"}],"curies":[{"name":"wp","href":"https:\/\/api.w.org\/{rel}","templated":true}]}}