{"id":5711,"date":"2022-11-09T20:00:00","date_gmt":"2022-11-09T18:00:00","guid":{"rendered":"https:\/\/sven-teuber.info\/wordpress\/?p=5711"},"modified":"2022-11-09T18:37:12","modified_gmt":"2022-11-09T16:37:12","slug":"titel-dekarbonisierung-st-2022","status":"publish","type":"post","link":"https:\/\/sven-teuber.info\/wordpress\/titel-dekarbonisierung-st-2022\/","title":{"rendered":"Titel: Dekarbonisierung ST 2022"},"content":{"rendered":"\n<p>Das Thema Klimaschutz besch\u00e4ftigt und betrifft uns alle. Nicht nur die Menschen, sondern alle auf der Erde. Was atmet lebt. \u00bbEarth for All\u00ab.<br \/><span style=\"font-size: revert;\">Die k\u00fcnstlerische Auseinandersetzung zum Thema Klimawandel ist komplex, vielschichtig und zum Teil gepr\u00e4gt durch unterschiedliche individuelle Wahrnehmungen, Meinungen und Fakten.<\/span><\/p>\n<p>Die k\u00fcnstlerische Herausforderung bestand darin, einen Weg zu finden, die zum Teil sichtbaren extremen Auswirkungen des Klimawandels in einem Bild zu postulieren, erfahrbar, sichtbar zu machen. Die Komposition und Struktur des Bildes verfolgte \u00fcber ein Konzept, das sich aus der Idee entwickelte, die Vernetzung der Themen zum Klimawandel in ihrer Vielschichtigkeit auf der Leinwand \u00fcber Farben darzustellen. Die Konsequenz, die sich aus dem Konzept und dessen\u00a0 \u00dcberlegungen ergab, f\u00fchrte zu folgender Erkenntnis: nur die Darstellung des Chaos kann dem gerecht werden. Dies spiegelt im wesentlichen die jetzige Situation wider, in der wir uns befinden.<\/p>\n\n\n\n<p><a href=\"https:\/\/sven-teuber.info\/wordpress\/shot-dekarbonisierung\/\"><img data-recalc-dims=\"1\" loading=\"lazy\" decoding=\"async\" data-attachment-id=\"5710\" data-permalink=\"https:\/\/sven-teuber.info\/wordpress\/titel-dekarbonisierung-st-2022\/shot-dekarbonisierung\/\" data-orig-file=\"https:\/\/i0.wp.com\/sven-teuber.info\/wordpress\/wp-content\/uploads\/2022\/11\/Shot-Dekarbonisierung-scaled.jpg?fit=1920%2C2560&amp;ssl=1\" data-orig-size=\"1920,2560\" data-comments-opened=\"1\" data-image-meta=\"{&quot;aperture&quot;:&quot;8&quot;,&quot;credit&quot;:&quot;&quot;,&quot;camera&quot;:&quot;&quot;,&quot;caption&quot;:&quot;&quot;,&quot;created_timestamp&quot;:&quot;0&quot;,&quot;copyright&quot;:&quot;&quot;,&quot;focal_length&quot;:&quot;24&quot;,&quot;iso&quot;:&quot;100&quot;,&quot;shutter_speed&quot;:&quot;0.0080000003799798&quot;,&quot;title&quot;:&quot;&quot;,&quot;orientation&quot;:&quot;0&quot;}\" data-image-title=\"Dekarbonisierung\" data-image-description=\"\" data-image-caption=\"\" data-large-file=\"https:\/\/i0.wp.com\/sven-teuber.info\/wordpress\/wp-content\/uploads\/2022\/11\/Shot-Dekarbonisierung-scaled.jpg?fit=584%2C779&amp;ssl=1\" class=\"aligncenter size-full wp-image-5710\" src=\"https:\/\/i0.wp.com\/sven-teuber.info\/wordpress\/wp-content\/uploads\/2022\/11\/Shot-Dekarbonisierung-scaled.jpg?resize=584%2C779&#038;ssl=1\" alt=\"\" width=\"584\" height=\"779\" srcset=\"https:\/\/i0.wp.com\/sven-teuber.info\/wordpress\/wp-content\/uploads\/2022\/11\/Shot-Dekarbonisierung-scaled.jpg?w=1920&amp;ssl=1 1920w, https:\/\/i0.wp.com\/sven-teuber.info\/wordpress\/wp-content\/uploads\/2022\/11\/Shot-Dekarbonisierung-scaled.jpg?resize=225%2C300&amp;ssl=1 225w, https:\/\/i0.wp.com\/sven-teuber.info\/wordpress\/wp-content\/uploads\/2022\/11\/Shot-Dekarbonisierung-scaled.jpg?resize=768%2C1024&amp;ssl=1 768w, https:\/\/i0.wp.com\/sven-teuber.info\/wordpress\/wp-content\/uploads\/2022\/11\/Shot-Dekarbonisierung-scaled.jpg?resize=180%2C240&amp;ssl=1 180w, https:\/\/i0.wp.com\/sven-teuber.info\/wordpress\/wp-content\/uploads\/2022\/11\/Shot-Dekarbonisierung-scaled.jpg?resize=1152%2C1536&amp;ssl=1 1152w, https:\/\/i0.wp.com\/sven-teuber.info\/wordpress\/wp-content\/uploads\/2022\/11\/Shot-Dekarbonisierung-scaled.jpg?resize=1536%2C2048&amp;ssl=1 1536w, https:\/\/i0.wp.com\/sven-teuber.info\/wordpress\/wp-content\/uploads\/2022\/11\/Shot-Dekarbonisierung-scaled.jpg?w=1752&amp;ssl=1 1752w\" sizes=\"auto, (max-width: 584px) 100vw, 584px\" \/><\/a><\/p>\n\n\n\n<p><a href=\"https:\/\/sven-teuber.info\/wordpress\/dekarbonisierung\/\"><img data-recalc-dims=\"1\" loading=\"lazy\" decoding=\"async\" data-attachment-id=\"5713\" data-permalink=\"https:\/\/sven-teuber.info\/wordpress\/titel-dekarbonisierung-st-2022\/dekarbonisierung\/\" data-orig-file=\"https:\/\/i0.wp.com\/sven-teuber.info\/wordpress\/wp-content\/uploads\/2022\/11\/Dekarbonisierung.jpg?fit=2048%2C1365&amp;ssl=1\" data-orig-size=\"2048,1365\" data-comments-opened=\"1\" data-image-meta=\"{&quot;aperture&quot;:&quot;0&quot;,&quot;credit&quot;:&quot;&quot;,&quot;camera&quot;:&quot;&quot;,&quot;caption&quot;:&quot;&quot;,&quot;created_timestamp&quot;:&quot;0&quot;,&quot;copyright&quot;:&quot;&quot;,&quot;focal_length&quot;:&quot;0&quot;,&quot;iso&quot;:&quot;0&quot;,&quot;shutter_speed&quot;:&quot;0&quot;,&quot;title&quot;:&quot;&quot;,&quot;orientation&quot;:&quot;0&quot;}\" data-image-title=\"Dekarbonisierung\" data-image-description=\"\" data-image-caption=\"\" data-large-file=\"https:\/\/i0.wp.com\/sven-teuber.info\/wordpress\/wp-content\/uploads\/2022\/11\/Dekarbonisierung.jpg?fit=584%2C390&amp;ssl=1\" class=\"aligncenter size-full wp-image-5713\" src=\"https:\/\/i0.wp.com\/sven-teuber.info\/wordpress\/wp-content\/uploads\/2022\/11\/Dekarbonisierung.jpg?resize=584%2C389&#038;ssl=1\" alt=\"\" width=\"584\" height=\"389\" srcset=\"https:\/\/i0.wp.com\/sven-teuber.info\/wordpress\/wp-content\/uploads\/2022\/11\/Dekarbonisierung.jpg?w=2048&amp;ssl=1 2048w, https:\/\/i0.wp.com\/sven-teuber.info\/wordpress\/wp-content\/uploads\/2022\/11\/Dekarbonisierung.jpg?resize=300%2C200&amp;ssl=1 300w, https:\/\/i0.wp.com\/sven-teuber.info\/wordpress\/wp-content\/uploads\/2022\/11\/Dekarbonisierung.jpg?resize=1024%2C683&amp;ssl=1 1024w, https:\/\/i0.wp.com\/sven-teuber.info\/wordpress\/wp-content\/uploads\/2022\/11\/Dekarbonisierung.jpg?resize=768%2C512&amp;ssl=1 768w, https:\/\/i0.wp.com\/sven-teuber.info\/wordpress\/wp-content\/uploads\/2022\/11\/Dekarbonisierung.jpg?resize=360%2C240&amp;ssl=1 360w, https:\/\/i0.wp.com\/sven-teuber.info\/wordpress\/wp-content\/uploads\/2022\/11\/Dekarbonisierung.jpg?resize=1536%2C1024&amp;ssl=1 1536w, https:\/\/i0.wp.com\/sven-teuber.info\/wordpress\/wp-content\/uploads\/2022\/11\/Dekarbonisierung.jpg?resize=450%2C300&amp;ssl=1 450w, https:\/\/i0.wp.com\/sven-teuber.info\/wordpress\/wp-content\/uploads\/2022\/11\/Dekarbonisierung.jpg?w=1168&amp;ssl=1 1168w, https:\/\/i0.wp.com\/sven-teuber.info\/wordpress\/wp-content\/uploads\/2022\/11\/Dekarbonisierung.jpg?w=1752&amp;ssl=1 1752w\" sizes=\"auto, (max-width: 584px) 100vw, 584px\" \/><\/a><\/p>\n\n\n\n<p>Titel: &#8222;Dekarbonisierung&#8220;, ST 2022<\/p>\n","protected":false},"excerpt":{"rendered":"<p>Das Thema Klimaschutz besch\u00e4ftigt und betrifft uns alle. Nicht nur die Menschen, sondern alle auf der Erde. Was atmet lebt. \u00bbEarth for All\u00ab.Die k\u00fcnstlerische Auseinandersetzung zum Thema Klimawandel ist komplex, vielschichtig und zum Teil gepr\u00e4gt durch unterschiedliche individuelle Wahrnehmungen, Meinungen &hellip; <a href=\"https:\/\/sven-teuber.info\/wordpress\/titel-dekarbonisierung-st-2022\/\">Weiterlesen <span class=\"meta-nav\">&rarr;<\/span><\/a><\/p>\n","protected":false},"author":2,"featured_media":0,"comment_status":"open","ping_status":"open","sticky":false,"template":"","format":"standard","meta":{"_crdt_document":"","jetpack_post_was_ever_published":false,"_jetpack_newsletter_access":"","_jetpack_dont_email_post_to_subs":false,"_jetpack_newsletter_tier_id":0,"_jetpack_memberships_contains_paywalled_content":false,"_jetpack_memberships_contains_paid_content":false,"footnotes":"","jetpack_publicize_message":"","jetpack_publicize_feature_enabled":true,"jetpack_social_post_already_shared":true,"jetpack_social_options":{"image_generator_settings":{"template":"highway","default_image_id":0,"font":"","enabled":false},"version":2}},"categories":[1,839,3,10,502],"tags":[850,852,106,849,457],"class_list":["post-5711","post","type-post","status-publish","format-standard","hentry","category-allgemein","category-digital-painting","category-for-your-information","category-peinture","category-politik","tag-club-of-rome","tag-dekarbonisierung","tag-gesellschaft","tag-klimaschutz","tag-politik"],"jetpack_publicize_connections":[],"jetpack_featured_media_url":"","jetpack_sharing_enabled":true,"jetpack_shortlink":"https:\/\/wp.me\/p3CWBT-1u7","jetpack-related-posts":[{"id":6479,"url":"https:\/\/sven-teuber.info\/wordpress\/titel-82-milliarden-menschen-suchen-ihren-platz\/","url_meta":{"origin":5711,"position":0},"title":"Titel: 8,2 Milliarden Menschen suchen ihren Platz","author":"steuber","date":"17. Februar 2025","format":false,"excerpt":"Einleitung: Titel des Bildes: \"8,2 Milliarden Menschen suchen ihren Platz\": Eine Welt am Limit? In einer Welt, die immer voller wird, stellt sich die Frage: Wo finden wir alle unseren Platz? Das Kunstwerk \"8,2 Milliarden Menschen suchen ihren Platz\" regt zum Nachdenken \u00fcber dieses brisante Thema an. Um das Thema\u2026","rel":"","context":"In &quot;Allgemein&quot;","block_context":{"text":"Allgemein","link":"https:\/\/sven-teuber.info\/wordpress\/category\/allgemein\/"},"img":{"alt_text":"","src":"https:\/\/i0.wp.com\/sven-teuber.info\/wordpress\/wp-content\/uploads\/2025\/02\/8-2-Milliarden-Menschen-WEB.jpg?resize=350%2C200&ssl=1","width":350,"height":200,"srcset":"https:\/\/i0.wp.com\/sven-teuber.info\/wordpress\/wp-content\/uploads\/2025\/02\/8-2-Milliarden-Menschen-WEB.jpg?resize=350%2C200&ssl=1 1x, https:\/\/i0.wp.com\/sven-teuber.info\/wordpress\/wp-content\/uploads\/2025\/02\/8-2-Milliarden-Menschen-WEB.jpg?resize=525%2C300&ssl=1 1.5x, https:\/\/i0.wp.com\/sven-teuber.info\/wordpress\/wp-content\/uploads\/2025\/02\/8-2-Milliarden-Menschen-WEB.jpg?resize=700%2C400&ssl=1 2x"},"classes":[]},{"id":6121,"url":"https:\/\/sven-teuber.info\/wordpress\/die-schattenseiten-unserer-konsumgesellschaft\/","url_meta":{"origin":5711,"position":1},"title":"Die Schattenseiten unserer Konsumgesellschaft","author":"steuber","date":"27. April 2024","format":false,"excerpt":"Titel: Die Schattenseiten unserer Konsumgesellschaft, 2024, ST Die Herausforderung der M\u00fcllberge und die Rolle jedes Einzelnen Die Notwendigkeit aktiven Umweltschutzes Die vom Menschen verursachte Klimakrise bedroht unsere Lebensgrundlagen und erfordert dringendes Handeln. Eine der zentralen Herausforderungen ist die weltweit stetig wachsende Abfallmenge. Doch wie k\u00f6nnen wir als Gesellschaft diesem Problem\u2026","rel":"","context":"In &quot;Allgemein&quot;","block_context":{"text":"Allgemein","link":"https:\/\/sven-teuber.info\/wordpress\/category\/allgemein\/"},"img":{"alt_text":"","src":"https:\/\/i0.wp.com\/sven-teuber.info\/wordpress\/wp-content\/uploads\/2024\/04\/Muell.jpg?resize=350%2C200&ssl=1","width":350,"height":200,"srcset":"https:\/\/i0.wp.com\/sven-teuber.info\/wordpress\/wp-content\/uploads\/2024\/04\/Muell.jpg?resize=350%2C200&ssl=1 1x, https:\/\/i0.wp.com\/sven-teuber.info\/wordpress\/wp-content\/uploads\/2024\/04\/Muell.jpg?resize=525%2C300&ssl=1 1.5x, https:\/\/i0.wp.com\/sven-teuber.info\/wordpress\/wp-content\/uploads\/2024\/04\/Muell.jpg?resize=700%2C400&ssl=1 2x, https:\/\/i0.wp.com\/sven-teuber.info\/wordpress\/wp-content\/uploads\/2024\/04\/Muell.jpg?resize=1050%2C600&ssl=1 3x"},"classes":[]},{"id":6737,"url":"https:\/\/sven-teuber.info\/wordpress\/koeln-ehrenfeld-street-art-2025\/","url_meta":{"origin":5711,"position":2},"title":"K\u00f6ln Ehrenfeld Street Art, 2025","author":"steuber","date":"1. Oktober 2025","format":false,"excerpt":"Street Art trifft Urbanit\u00e4t Ehrenfeld ist mehr als ein Stadtteil \u2013 es f\u00fchlt sich an wie ein lebendiges Zentrum f\u00fcr Kunst und Kultur. In den letzten Jahrzehnten hat sich hier eine der spannendsten Street-Art-Szenen Deutschlands entwickelt. Bunte Fassaden, auff\u00e4llige Wandmotive und eine Mischung aus Tradition und Moderne ziehen K\u00fcnstlerinnen, K\u00fcnstler\u2026","rel":"","context":"In &quot;Allgemein&quot;","block_context":{"text":"Allgemein","link":"https:\/\/sven-teuber.info\/wordpress\/category\/allgemein\/"},"img":{"alt_text":"","src":"https:\/\/i0.wp.com\/sven-teuber.info\/wordpress\/wp-content\/uploads\/2025\/10\/MG_4146.jpg?resize=350%2C200","width":350,"height":200,"srcset":"https:\/\/i0.wp.com\/sven-teuber.info\/wordpress\/wp-content\/uploads\/2025\/10\/MG_4146.jpg?resize=350%2C200 1x, https:\/\/i0.wp.com\/sven-teuber.info\/wordpress\/wp-content\/uploads\/2025\/10\/MG_4146.jpg?resize=525%2C300 1.5x, https:\/\/i0.wp.com\/sven-teuber.info\/wordpress\/wp-content\/uploads\/2025\/10\/MG_4146.jpg?resize=700%2C400 2x, https:\/\/i0.wp.com\/sven-teuber.info\/wordpress\/wp-content\/uploads\/2025\/10\/MG_4146.jpg?resize=1050%2C600 3x, https:\/\/i0.wp.com\/sven-teuber.info\/wordpress\/wp-content\/uploads\/2025\/10\/MG_4146.jpg?resize=1400%2C800 4x"},"classes":[]},{"id":4929,"url":"https:\/\/sven-teuber.info\/wordpress\/co2-human-umweltbilanz\/","url_meta":{"origin":5711,"position":3},"title":"CO2 Human Umweltbilanz","author":"steuber","date":"2. Mai 2019","format":false,"excerpt":"ST, 2019, Title: o2 Praktisch sind jetzt die 10 Literflaschen O2 in der Familienpackung. Wer heute zugreift bekommt 35% Rabatt. Endlich wieder frei atmen f\u00fcr die Welt Klimabilanz! Der Mensch produziert mit seinen Lungen CO2 und tr\u00e4gt wesentlich zur Klimaerw\u00e4rmung und Belastung der Erde bei. Noch vielschichtiger wird es bei\u2026","rel":"","context":"In &quot;Allgemein&quot;","block_context":{"text":"Allgemein","link":"https:\/\/sven-teuber.info\/wordpress\/category\/allgemein\/"},"img":{"alt_text":"","src":"https:\/\/i0.wp.com\/sven-teuber.info\/wordpress\/wp-content\/uploads\/2019\/05\/BA5B5282-2A16-4214-9770-38119383E1FB.png?resize=350%2C200&ssl=1","width":350,"height":200,"srcset":"https:\/\/i0.wp.com\/sven-teuber.info\/wordpress\/wp-content\/uploads\/2019\/05\/BA5B5282-2A16-4214-9770-38119383E1FB.png?resize=350%2C200&ssl=1 1x, https:\/\/i0.wp.com\/sven-teuber.info\/wordpress\/wp-content\/uploads\/2019\/05\/BA5B5282-2A16-4214-9770-38119383E1FB.png?resize=525%2C300&ssl=1 1.5x, https:\/\/i0.wp.com\/sven-teuber.info\/wordpress\/wp-content\/uploads\/2019\/05\/BA5B5282-2A16-4214-9770-38119383E1FB.png?resize=700%2C400&ssl=1 2x, https:\/\/i0.wp.com\/sven-teuber.info\/wordpress\/wp-content\/uploads\/2019\/05\/BA5B5282-2A16-4214-9770-38119383E1FB.png?resize=1050%2C600&ssl=1 3x"},"classes":[]},{"id":6596,"url":"https:\/\/sven-teuber.info\/wordpress\/dada-und-die-experimentelle-fotografie-konzepte-kuenstler-und-aktualitaet\/","url_meta":{"origin":5711,"position":4},"title":"Dada und die experimentelle Fotografie: Konzepte, K\u00fcnstler und Aktualit\u00e4t","author":"steuber","date":"18. August 2025","format":false,"excerpt":"1. Einleitung: Bedeutung von Dada in der Fotografie Die Dada-Bewegung, entstanden 1916 im Z\u00fcrcher Cabaret Voltaire, gilt als eine der radikalsten k\u00fcnstlerischen Str\u00f6mungen des 20. Jahrhunderts. Sie war weniger ein Stil als vielmehr eine Haltung: der bewusste Bruch mit tradierten Kunstnormen, die Ablehnung rationaler Systeme und die Hinwendung zum Absurden,\u2026","rel":"","context":"In &quot;Allgemein&quot;","block_context":{"text":"Allgemein","link":"https:\/\/sven-teuber.info\/wordpress\/category\/allgemein\/"},"img":{"alt_text":"","src":"","width":0,"height":0},"classes":[]},{"id":6321,"url":"https:\/\/sven-teuber.info\/wordpress\/das-mini-streetart-museum-praesentiert\/","url_meta":{"origin":5711,"position":5},"title":"Das Mini Streetart Museum pr\u00e4sentiert: Vernissage: FR 23.08.24 von 17:00 &#8211; 20:00 Uhr","author":"steuber","date":"8. August 2024","format":false,"excerpt":"\"ZWISCHEN L\u00dcGEN UND VERSPRECHEN \u2013 politische Plakate von Sven Teuber Vernissage: FR 23.08.24 von 17:00 - 20:00 Uhr - The Artist is present!weitere \u00d6ffnungszeiten: jeden Freitag von 17 - 20 UhrLaufzeit:23.08.2024 \u2013 04.10.2024Ort: Mini Streetart MuseumAlteburger Str. 28 , 50678 K\u00f6ln https:\/\/crossart.ning.com\/page\/mini-streetart-museum Wir laden Sie herzlich ein, diese ungew\u00f6hnliche und\u2026","rel":"","context":"In &quot;Allgemein&quot;","block_context":{"text":"Allgemein","link":"https:\/\/sven-teuber.info\/wordpress\/category\/allgemein\/"},"img":{"alt_text":"","src":"https:\/\/i0.wp.com\/sven-teuber.info\/wordpress\/wp-content\/uploads\/2024\/08\/DWP.jpg?resize=350%2C200","width":350,"height":200,"srcset":"https:\/\/i0.wp.com\/sven-teuber.info\/wordpress\/wp-content\/uploads\/2024\/08\/DWP.jpg?resize=350%2C200 1x, https:\/\/i0.wp.com\/sven-teuber.info\/wordpress\/wp-content\/uploads\/2024\/08\/DWP.jpg?resize=525%2C300 1.5x, https:\/\/i0.wp.com\/sven-teuber.info\/wordpress\/wp-content\/uploads\/2024\/08\/DWP.jpg?resize=700%2C400 2x, https:\/\/i0.wp.com\/sven-teuber.info\/wordpress\/wp-content\/uploads\/2024\/08\/DWP.jpg?resize=1050%2C600 3x"},"classes":[]}],"jetpack_likes_enabled":true,"_links":{"self":[{"href":"https:\/\/sven-teuber.info\/wordpress\/wp-json\/wp\/v2\/posts\/5711","targetHints":{"allow":["GET"]}}],"collection":[{"href":"https:\/\/sven-teuber.info\/wordpress\/wp-json\/wp\/v2\/posts"}],"about":[{"href":"https:\/\/sven-teuber.info\/wordpress\/wp-json\/wp\/v2\/types\/post"}],"author":[{"embeddable":true,"href":"https:\/\/sven-teuber.info\/wordpress\/wp-json\/wp\/v2\/users\/2"}],"replies":[{"embeddable":true,"href":"https:\/\/sven-teuber.info\/wordpress\/wp-json\/wp\/v2\/comments?post=5711"}],"version-history":[{"count":6,"href":"https:\/\/sven-teuber.info\/wordpress\/wp-json\/wp\/v2\/posts\/5711\/revisions"}],"predecessor-version":[{"id":5719,"href":"https:\/\/sven-teuber.info\/wordpress\/wp-json\/wp\/v2\/posts\/5711\/revisions\/5719"}],"wp:attachment":[{"href":"https:\/\/sven-teuber.info\/wordpress\/wp-json\/wp\/v2\/media?parent=5711"}],"wp:term":[{"taxonomy":"category","embeddable":true,"href":"https:\/\/sven-teuber.info\/wordpress\/wp-json\/wp\/v2\/categories?post=5711"},{"taxonomy":"post_tag","embeddable":true,"href":"https:\/\/sven-teuber.info\/wordpress\/wp-json\/wp\/v2\/tags?post=5711"}],"curies":[{"name":"wp","href":"https:\/\/api.w.org\/{rel}","templated":true}]}}