{"id":5791,"date":"2022-12-22T15:36:57","date_gmt":"2022-12-22T14:36:57","guid":{"rendered":"https:\/\/sven-teuber.info\/wordpress\/?p=5791"},"modified":"2022-12-22T15:37:26","modified_gmt":"2022-12-22T14:37:26","slug":"schoene-weihnachtsfeiertage-und-einen-guten-rutsch-in-das-neue-jahr-2023","status":"publish","type":"post","link":"https:\/\/sven-teuber.info\/wordpress\/schoene-weihnachtsfeiertage-und-einen-guten-rutsch-in-das-neue-jahr-2023\/","title":{"rendered":"Sch\u00f6ne Weihnachtsfeiertage und einen guten Rutsch in das neue Jahr 2023"},"content":{"rendered":"\n<figure class=\"wp-block-image size-large\"><img data-recalc-dims=\"1\" loading=\"lazy\" decoding=\"async\" width=\"584\" height=\"406\" data-attachment-id=\"5792\" data-permalink=\"https:\/\/sven-teuber.info\/wordpress\/schoene-weihnachtsfeiertage-und-einen-guten-rutsch-in-das-neue-jahr-2023\/weihnachten_2022\/\" data-orig-file=\"https:\/\/i0.wp.com\/sven-teuber.info\/wordpress\/wp-content\/uploads\/2022\/12\/Weihnachten_2022-scaled.jpeg?fit=2560%2C1781&amp;ssl=1\" data-orig-size=\"2560,1781\" data-comments-opened=\"1\" data-image-meta=\"{&quot;aperture&quot;:&quot;0&quot;,&quot;credit&quot;:&quot;&quot;,&quot;camera&quot;:&quot;&quot;,&quot;caption&quot;:&quot;&quot;,&quot;created_timestamp&quot;:&quot;0&quot;,&quot;copyright&quot;:&quot;&quot;,&quot;focal_length&quot;:&quot;0&quot;,&quot;iso&quot;:&quot;0&quot;,&quot;shutter_speed&quot;:&quot;0&quot;,&quot;title&quot;:&quot;&quot;,&quot;orientation&quot;:&quot;1&quot;}\" data-image-title=\"Weihnachten_2022\" data-image-description=\"\" data-image-caption=\"\" data-large-file=\"https:\/\/i0.wp.com\/sven-teuber.info\/wordpress\/wp-content\/uploads\/2022\/12\/Weihnachten_2022-scaled.jpeg?fit=584%2C406&amp;ssl=1\" src=\"https:\/\/i0.wp.com\/sven-teuber.info\/wordpress\/wp-content\/uploads\/2022\/12\/Weihnachten_2022.jpeg?resize=584%2C406&#038;ssl=1\" alt=\"\" class=\"wp-image-5792\" srcset=\"https:\/\/i0.wp.com\/sven-teuber.info\/wordpress\/wp-content\/uploads\/2022\/12\/Weihnachten_2022-scaled.jpeg?resize=1024%2C712&amp;ssl=1 1024w, https:\/\/i0.wp.com\/sven-teuber.info\/wordpress\/wp-content\/uploads\/2022\/12\/Weihnachten_2022-scaled.jpeg?resize=300%2C209&amp;ssl=1 300w, https:\/\/i0.wp.com\/sven-teuber.info\/wordpress\/wp-content\/uploads\/2022\/12\/Weihnachten_2022-scaled.jpeg?resize=768%2C534&amp;ssl=1 768w, https:\/\/i0.wp.com\/sven-teuber.info\/wordpress\/wp-content\/uploads\/2022\/12\/Weihnachten_2022-scaled.jpeg?resize=345%2C240&amp;ssl=1 345w, https:\/\/i0.wp.com\/sven-teuber.info\/wordpress\/wp-content\/uploads\/2022\/12\/Weihnachten_2022-scaled.jpeg?resize=1536%2C1069&amp;ssl=1 1536w, https:\/\/i0.wp.com\/sven-teuber.info\/wordpress\/wp-content\/uploads\/2022\/12\/Weihnachten_2022-scaled.jpeg?resize=2048%2C1425&amp;ssl=1 2048w, https:\/\/i0.wp.com\/sven-teuber.info\/wordpress\/wp-content\/uploads\/2022\/12\/Weihnachten_2022-scaled.jpeg?resize=431%2C300&amp;ssl=1 431w, https:\/\/i0.wp.com\/sven-teuber.info\/wordpress\/wp-content\/uploads\/2022\/12\/Weihnachten_2022-scaled.jpeg?w=1168&amp;ssl=1 1168w, https:\/\/i0.wp.com\/sven-teuber.info\/wordpress\/wp-content\/uploads\/2022\/12\/Weihnachten_2022-scaled.jpeg?w=1752&amp;ssl=1 1752w\" sizes=\"auto, (max-width: 584px) 100vw, 584px\" \/><\/figure>\n\n\n\n<p style=\"font-weight: 400;\">Einige Zeit ist mal wieder vergangen, es gab H\u00f6hen und Tiefen, wie jedes Jahr, eigentlich nichts Ungew\u00f6hnliches. Jedenfalls wird jetzt in k\u00fcrze ein neues Buch mit 365 neuen unbeschrieben Seiten aufgeschlagen.<br \/>Aus diesem Grund w\u00fcnsche ich euch Zuversicht f\u00fcr das neue Jahr, viel Gl\u00fcck und Gesundheit.<\/p>\n<p>Euer ST<\/p>\n","protected":false},"excerpt":{"rendered":"<p>Einige Zeit ist mal wieder vergangen, es gab H\u00f6hen und Tiefen, wie jedes Jahr, eigentlich nichts Ungew\u00f6hnliches. Jedenfalls wird jetzt in k\u00fcrze ein neues Buch mit 365 neuen unbeschrieben Seiten aufgeschlagen.Aus diesem Grund w\u00fcnsche ich euch Zuversicht f\u00fcr das neue &hellip; <a href=\"https:\/\/sven-teuber.info\/wordpress\/schoene-weihnachtsfeiertage-und-einen-guten-rutsch-in-das-neue-jahr-2023\/\">Weiterlesen <span class=\"meta-nav\">&rarr;<\/span><\/a><\/p>\n","protected":false},"author":2,"featured_media":0,"comment_status":"open","ping_status":"open","sticky":false,"template":"","format":"standard","meta":{"_crdt_document":"","jetpack_post_was_ever_published":false,"_jetpack_newsletter_access":"","_jetpack_dont_email_post_to_subs":false,"_jetpack_newsletter_tier_id":0,"_jetpack_memberships_contains_paywalled_content":false,"_jetpack_memberships_contains_paid_content":false,"footnotes":"","jetpack_publicize_message":"","jetpack_publicize_feature_enabled":true,"jetpack_social_post_already_shared":true,"jetpack_social_options":{"image_generator_settings":{"template":"highway","default_image_id":0,"font":"","enabled":false},"version":2}},"categories":[1,839,23],"tags":[704],"class_list":["post-5791","post","type-post","status-publish","format-standard","hentry","category-allgemein","category-digital-painting","category-events","tag-weihnachten"],"jetpack_publicize_connections":[],"jetpack_featured_media_url":"","jetpack_sharing_enabled":true,"jetpack_shortlink":"https:\/\/wp.me\/p3CWBT-1vp","jetpack-related-posts":[{"id":1951,"url":"https:\/\/sven-teuber.info\/wordpress\/merry-christmas-and-a-happy-new-year\/","url_meta":{"origin":5791,"position":0},"title":"Merry Christmas and a happy New Year!","author":"steuber","date":"22. Dezember 2013","format":false,"excerpt":"Boas Festas e Feliz Ano Novo Merry Christmas & Happy New Year Joyeux No\u00ebl et Bonne Ann\u00e9e! Fr\u00f6hliche Weihnachten und ein gl\u00fcckliches Neues Jahr! Buon Natale e Felice Anno Nuovo Kung His Hsin Nien bing Chu Shen Tan Vrolijk Kersfeest en 'n gelukkige nuwe jaar Wesolych Swiat Bozego Narodzenia Pozdrevlyayu\u2026","rel":"","context":"In &quot;Allgemein&quot;","block_context":{"text":"Allgemein","link":"https:\/\/sven-teuber.info\/wordpress\/category\/allgemein\/"},"img":{"alt_text":"Merry Christmas","src":"https:\/\/i0.wp.com\/sven-teuber.info\/wordpress\/wp-content\/uploads\/2013\/12\/Merry-Christmas.jpg?resize=350%2C200","width":350,"height":200,"srcset":"https:\/\/i0.wp.com\/sven-teuber.info\/wordpress\/wp-content\/uploads\/2013\/12\/Merry-Christmas.jpg?resize=350%2C200 1x, https:\/\/i0.wp.com\/sven-teuber.info\/wordpress\/wp-content\/uploads\/2013\/12\/Merry-Christmas.jpg?resize=525%2C300 1.5x, https:\/\/i0.wp.com\/sven-teuber.info\/wordpress\/wp-content\/uploads\/2013\/12\/Merry-Christmas.jpg?resize=700%2C400 2x"},"classes":[]},{"id":3158,"url":"https:\/\/sven-teuber.info\/wordpress\/letzteminuteweihnachtskunstausstellung\/","url_meta":{"origin":5791,"position":1},"title":"Letzteminuteweihnachtskunstausstellung","author":"steuber","date":"16. Dezember 2015","format":"aside","excerpt":"Liebe Kunstbegeisterte Freunde leider knubbeln sich zu Weihnachten die Termine. Ich w\u00fcrde mich trotzdem freuen einige von Euch in meiner neuen Galerie ohne Namen begr\u00fc\u00dfen zu d\u00fcrfen. Am Freitag 18.12. von 17. bis 19.00 Uhr Samstag 19.12. von 16 bis 18.00 Uhr Werden wir mit Weihnachtsmusik ein paar leckeren Pl\u00e4tzchen\u2026","rel":"","context":"In &quot;Events&quot;","block_context":{"text":"Events","link":"https:\/\/sven-teuber.info\/wordpress\/category\/events\/"},"img":{"alt_text":"","src":"","width":0,"height":0},"classes":[]},{"id":6423,"url":"https:\/\/sven-teuber.info\/wordpress\/ausstellung-fort-x-15-jahre-crossart-international\/","url_meta":{"origin":5791,"position":2},"title":"Ausstellung Fort X 15 Jahre Crossart International","author":"steuber","date":"21. November 2024","format":false,"excerpt":"Wir m\u00f6chten mit Euch feiern 15 Jahre K\u00fcnstlernetzwerk crossart international Jubil\u00e4umsausstellung mit vorweihnachtlichem Kunstbasar. Alle sind eingeladen Samstag 30.11.24: 14-20 Uhr Sonntag 1.12.24: 14-18 Uhr Fort X, Neusser Wall 33, 50670 K\u00f6ln Am 2. Oktober 2009 wurde crossart international vom K\u00f6lner K\u00fcnstler Peter M\u00fcck gegr\u00fcndet. Etwa zur gleichen Zeit bezog\u2026","rel":"","context":"In &quot;Allgemein&quot;","block_context":{"text":"Allgemein","link":"https:\/\/sven-teuber.info\/wordpress\/category\/allgemein\/"},"img":{"alt_text":"","src":"https:\/\/i0.wp.com\/sven-teuber.info\/wordpress\/wp-content\/uploads\/2024\/11\/insta7420869036430298927-1.jpg?resize=350%2C200&ssl=1","width":350,"height":200,"srcset":"https:\/\/i0.wp.com\/sven-teuber.info\/wordpress\/wp-content\/uploads\/2024\/11\/insta7420869036430298927-1.jpg?resize=350%2C200&ssl=1 1x, https:\/\/i0.wp.com\/sven-teuber.info\/wordpress\/wp-content\/uploads\/2024\/11\/insta7420869036430298927-1.jpg?resize=525%2C300&ssl=1 1.5x, https:\/\/i0.wp.com\/sven-teuber.info\/wordpress\/wp-content\/uploads\/2024\/11\/insta7420869036430298927-1.jpg?resize=700%2C400&ssl=1 2x"},"classes":[]},{"id":3205,"url":"https:\/\/sven-teuber.info\/wordpress\/weihnachtsgedichte-an-den-weihnachtsmann\/","url_meta":{"origin":5791,"position":3},"title":"Weihnachtsgedichte an den Weihnachtsmann","author":"steuber","date":"17. Dezember 2015","format":"aside","excerpt":"Weihnachtsgedichte an den Weihnachtsmann und an die Weihnachtsfee Die Weihnachtsfee Und Frieden auf Erden den Menschen, die eines guten Willens sind. Suchende Sterne ins eilende Haar, Frierende Sterne, schmelzend zergangen \u00dcber den wunderfeiernden Wangen, Und die Augen von Liebe so klar. Wie Glocken klar, wie Reif so rein Und so\u2026","rel":"","context":"In &quot;For your Information&quot;","block_context":{"text":"For your Information","link":"https:\/\/sven-teuber.info\/wordpress\/category\/for-your-information\/"},"img":{"alt_text":"IMG_4938","src":"https:\/\/i0.wp.com\/sven-teuber.info\/wordpress\/wp-content\/uploads\/2015\/12\/IMG_4938.jpg?resize=350%2C200","width":350,"height":200},"classes":[]},{"id":6386,"url":"https:\/\/sven-teuber.info\/wordpress\/buergewald-am-braunkohletageabbau-hambach\/","url_meta":{"origin":5791,"position":4},"title":"B\u00fcrgewald am Braunkohletageabbau Hambach\u00a0","author":"steuber","date":"2. September 2024","format":false,"excerpt":"\u201eWegen des vorgezogenen Ausstiegs aus der Braunkohleverstromung in Deutschland wurde das Stra\u00dfendorf mit 140 H\u00e4usern nicht mehr, wie urspr\u00fcnglich geplant, abgebaggert. B\u00fcrgewald trug bis vor wenigen Wochen noch den Ortsnamen Morschenich. Die einstigen Bewohner waren bereits fast alle in den neuen Ort Morschenich umgesiedelt, als im Fr\u00fchjahr die Entscheidung f\u00fcr\u2026","rel":"","context":"In &quot;Allgemein&quot;","block_context":{"text":"Allgemein","link":"https:\/\/sven-teuber.info\/wordpress\/category\/allgemein\/"},"img":{"alt_text":"","src":"https:\/\/i0.wp.com\/sven-teuber.info\/wordpress\/wp-content\/uploads\/2024\/09\/IMG_3916.jpg?resize=350%2C200","width":350,"height":200,"srcset":"https:\/\/i0.wp.com\/sven-teuber.info\/wordpress\/wp-content\/uploads\/2024\/09\/IMG_3916.jpg?resize=350%2C200 1x, https:\/\/i0.wp.com\/sven-teuber.info\/wordpress\/wp-content\/uploads\/2024\/09\/IMG_3916.jpg?resize=525%2C300 1.5x"},"classes":[]},{"id":3957,"url":"https:\/\/sven-teuber.info\/wordpress\/was-wird-aus-unserer-rente\/","url_meta":{"origin":5791,"position":5},"title":"Was wird aus unserer Rente?","author":"steuber","date":"15. Januar 2017","format":false,"excerpt":"Die Rentenreform 1957 und ihre Folgen \"Vor 50 Jahren wurde in Deutschland die so genannte dynamische Rente eingef\u00fchrt. Die Kopplung der Altersbez\u00fcge an die Lohnentwicklung sicherte den Ruhest\u00e4ndlern Wohlstand im Alter und bescherte der Politik die gr\u00f6\u00dfte Reformbaustelle der Nachkriegsgeschichte\" . Weiterlesen..... Von Gode Japs Quelle: Deutschlandfunk, 22.01.2007 Winfried Schm\u00e4hl\u2026","rel":"","context":"In &quot;Allgemein&quot;","block_context":{"text":"Allgemein","link":"https:\/\/sven-teuber.info\/wordpress\/category\/allgemein\/"},"img":{"alt_text":"","src":"https:\/\/i0.wp.com\/sven-teuber.info\/wordpress\/wp-content\/uploads\/2017\/01\/spd_plakat_1957.jpg?resize=350%2C200","width":350,"height":200,"srcset":"https:\/\/i0.wp.com\/sven-teuber.info\/wordpress\/wp-content\/uploads\/2017\/01\/spd_plakat_1957.jpg?resize=350%2C200 1x, https:\/\/i0.wp.com\/sven-teuber.info\/wordpress\/wp-content\/uploads\/2017\/01\/spd_plakat_1957.jpg?resize=525%2C300 1.5x"},"classes":[]}],"jetpack_likes_enabled":true,"_links":{"self":[{"href":"https:\/\/sven-teuber.info\/wordpress\/wp-json\/wp\/v2\/posts\/5791","targetHints":{"allow":["GET"]}}],"collection":[{"href":"https:\/\/sven-teuber.info\/wordpress\/wp-json\/wp\/v2\/posts"}],"about":[{"href":"https:\/\/sven-teuber.info\/wordpress\/wp-json\/wp\/v2\/types\/post"}],"author":[{"embeddable":true,"href":"https:\/\/sven-teuber.info\/wordpress\/wp-json\/wp\/v2\/users\/2"}],"replies":[{"embeddable":true,"href":"https:\/\/sven-teuber.info\/wordpress\/wp-json\/wp\/v2\/comments?post=5791"}],"version-history":[{"count":2,"href":"https:\/\/sven-teuber.info\/wordpress\/wp-json\/wp\/v2\/posts\/5791\/revisions"}],"predecessor-version":[{"id":5794,"href":"https:\/\/sven-teuber.info\/wordpress\/wp-json\/wp\/v2\/posts\/5791\/revisions\/5794"}],"wp:attachment":[{"href":"https:\/\/sven-teuber.info\/wordpress\/wp-json\/wp\/v2\/media?parent=5791"}],"wp:term":[{"taxonomy":"category","embeddable":true,"href":"https:\/\/sven-teuber.info\/wordpress\/wp-json\/wp\/v2\/categories?post=5791"},{"taxonomy":"post_tag","embeddable":true,"href":"https:\/\/sven-teuber.info\/wordpress\/wp-json\/wp\/v2\/tags?post=5791"}],"curies":[{"name":"wp","href":"https:\/\/api.w.org\/{rel}","templated":true}]}}