{"id":5863,"date":"2023-02-16T19:00:00","date_gmt":"2023-02-16T18:00:00","guid":{"rendered":"https:\/\/sven-teuber.info\/wordpress\/?p=5863"},"modified":"2023-02-16T09:08:27","modified_gmt":"2023-02-16T08:08:27","slug":"titel-schreie","status":"publish","type":"post","link":"https:\/\/sven-teuber.info\/wordpress\/titel-schreie\/","title":{"rendered":"Titel: Schreie"},"content":{"rendered":"\n<figure class=\"wp-block-image size-large\"><img data-recalc-dims=\"1\" loading=\"lazy\" decoding=\"async\" width=\"584\" height=\"604\" data-attachment-id=\"5864\" data-permalink=\"https:\/\/sven-teuber.info\/wordpress\/titel-schreie\/schreie\/\" data-orig-file=\"https:\/\/i0.wp.com\/sven-teuber.info\/wordpress\/wp-content\/uploads\/2023\/02\/Schreie.jpg?fit=1238%2C1280&amp;ssl=1\" data-orig-size=\"1238,1280\" data-comments-opened=\"1\" data-image-meta=\"{&quot;aperture&quot;:&quot;0&quot;,&quot;credit&quot;:&quot;&quot;,&quot;camera&quot;:&quot;&quot;,&quot;caption&quot;:&quot;&quot;,&quot;created_timestamp&quot;:&quot;0&quot;,&quot;copyright&quot;:&quot;&quot;,&quot;focal_length&quot;:&quot;0&quot;,&quot;iso&quot;:&quot;0&quot;,&quot;shutter_speed&quot;:&quot;0&quot;,&quot;title&quot;:&quot;&quot;,&quot;orientation&quot;:&quot;0&quot;}\" data-image-title=\"Schreie\" data-image-description=\"\" data-image-caption=\"\" data-large-file=\"https:\/\/i0.wp.com\/sven-teuber.info\/wordpress\/wp-content\/uploads\/2023\/02\/Schreie.jpg?fit=584%2C604&amp;ssl=1\" src=\"https:\/\/i0.wp.com\/sven-teuber.info\/wordpress\/wp-content\/uploads\/2023\/02\/Schreie.jpg?resize=584%2C604&#038;ssl=1\" alt=\"\" class=\"wp-image-5864\" srcset=\"https:\/\/i0.wp.com\/sven-teuber.info\/wordpress\/wp-content\/uploads\/2023\/02\/Schreie.jpg?resize=990%2C1024&amp;ssl=1 990w, https:\/\/i0.wp.com\/sven-teuber.info\/wordpress\/wp-content\/uploads\/2023\/02\/Schreie.jpg?resize=290%2C300&amp;ssl=1 290w, https:\/\/i0.wp.com\/sven-teuber.info\/wordpress\/wp-content\/uploads\/2023\/02\/Schreie.jpg?resize=768%2C794&amp;ssl=1 768w, https:\/\/i0.wp.com\/sven-teuber.info\/wordpress\/wp-content\/uploads\/2023\/02\/Schreie.jpg?w=1238&amp;ssl=1 1238w, https:\/\/i0.wp.com\/sven-teuber.info\/wordpress\/wp-content\/uploads\/2023\/02\/Schreie.jpg?w=1168&amp;ssl=1 1168w\" sizes=\"auto, (max-width: 584px) 100vw, 584px\" \/><figcaption class=\"wp-element-caption\">Titel: Schreie, ST 2023<\/figcaption><\/figure>\n\n\n\n<p class=\"wp-block-paragraph\">FRIEDRICH NIETZSCHE<\/p>\n\n\n\n<p class=\"wp-block-paragraph\"><strong>Die Kr\u00e4hen schrei\u2019n<\/strong><\/p>\n\n\n\n<p class=\"wp-block-paragraph\">Die Kr\u00e4hen schrei\u2019n<br \/>Und ziehen schwirren Flugs zur Stadt:<br \/>Bald wird es schnei\u2019n \u2013<br \/>Wohl dem, der jetzt noch \u2013 Heimat hat!<\/p>\n\n\n\n<p class=\"wp-block-paragraph\">Nun stehst du starr,<br \/>Schaust r\u00fcckw\u00e4rts ach! wie lange schon!<br \/>Was bist du Narr<br \/>Vor Winters in die Welt \u2013 entflohn?<\/p>\n\n\n\n<p class=\"wp-block-paragraph\">Die Welt \u2013 ein Thor<br \/>Zu tausend W\u00fcsten stumm und kalt!<br \/>Wer Das verlor,<br \/>Was du verlorst, macht nirgends Halt.<\/p>\n\n\n\n<p class=\"wp-block-paragraph\">Nun stehst du bleich,<br \/>Zur Winter-Wanderschaft verflucht,<br \/>Dem Rauche gleich,<br \/>Der stets nach k\u00e4ltern Himmeln sucht.<\/p>\n\n\n\n<p class=\"wp-block-paragraph\">Flieg\u2019, Vogel, schnarr\u2019<br \/>Dein Lied im W\u00fcsten-Vogel-Ton! \u2013<br \/>Versteck\u2019, du Narr,<br \/>Dein blutend Herz in Eis und Hohn!<\/p>\n\n\n\n<p class=\"wp-block-paragraph\">Die Kr\u00e4hen schrei\u2019n<br \/>Und ziehen schwirren Flugs zur Stadt:<br \/>Bald wird es schnei\u2019n,<br \/>Weh dem, der keine Heimat hat!<\/p>\n","protected":false},"excerpt":{"rendered":"<p>FRIEDRICH NIETZSCHE Die Kr\u00e4hen schrei\u2019n Die Kr\u00e4hen schrei\u2019nUnd ziehen schwirren Flugs zur Stadt:Bald wird es schnei\u2019n \u2013Wohl dem, der jetzt noch \u2013 Heimat hat! Nun stehst du starr,Schaust r\u00fcckw\u00e4rts ach! wie lange schon!Was bist du NarrVor Winters in die Welt &hellip; <a href=\"https:\/\/sven-teuber.info\/wordpress\/titel-schreie\/\">Weiterlesen <span class=\"meta-nav\">&rarr;<\/span><\/a><\/p>\n","protected":false},"author":2,"featured_media":0,"comment_status":"open","ping_status":"open","sticky":false,"template":"","format":"standard","meta":{"_crdt_document":"","jetpack_post_was_ever_published":false,"_jetpack_newsletter_access":"","_jetpack_dont_email_post_to_subs":false,"_jetpack_newsletter_tier_id":0,"_jetpack_memberships_contains_paywalled_content":false,"_jetpack_memberships_contains_paid_content":false,"footnotes":"","jetpack_publicize_message":"","jetpack_publicize_feature_enabled":true,"jetpack_social_post_already_shared":true,"jetpack_social_options":{"image_generator_settings":{"template":"highway","default_image_id":0,"font":"","enabled":false},"version":2}},"categories":[1,839,3,10,502],"tags":[194,867,106,866,457],"class_list":["post-5863","post","type-post","status-publish","format-standard","hentry","category-allgemein","category-digital-painting","category-for-your-information","category-peinture","category-politik","tag-digital-painting","tag-gedicht","tag-gesellschaft","tag-nietsche","tag-politik"],"jetpack_publicize_connections":[],"jetpack_featured_media_url":"","jetpack_sharing_enabled":true,"jetpack_shortlink":"https:\/\/wp.me\/p3CWBT-1wz","jetpack-related-posts":[{"id":6271,"url":"https:\/\/sven-teuber.info\/wordpress\/titel-die-stummen-zeugen-gemaelde-no-1-von-3-2024-st\/","url_meta":{"origin":5863,"position":0},"title":"Titel: Die stummen Zeugen, Gem\u00e4lde No. 1 von 3, 2024 ST","author":"steuber","date":"17. Juni 2024","format":false,"excerpt":"Die stummen Zeugen\u201d ist der erste Teil einer dreiteiligen Gem\u00e4ldeserie aus dem Jahr 2024. Das Werk f\u00e4ngt die mysteri\u00f6se Atmosph\u00e4re ein, in der vergessene Geschichten und verborgene Geheimnisse auf ihre Entdeckung warten.","rel":"","context":"In &quot;Allgemein&quot;","block_context":{"text":"Allgemein","link":"https:\/\/sven-teuber.info\/wordpress\/category\/allgemein\/"},"img":{"alt_text":"","src":"https:\/\/i0.wp.com\/sven-teuber.info\/wordpress\/wp-content\/uploads\/2024\/06\/Die-stummen-Zeugen-2.jpg?resize=350%2C200&ssl=1","width":350,"height":200,"srcset":"https:\/\/i0.wp.com\/sven-teuber.info\/wordpress\/wp-content\/uploads\/2024\/06\/Die-stummen-Zeugen-2.jpg?resize=350%2C200&ssl=1 1x, https:\/\/i0.wp.com\/sven-teuber.info\/wordpress\/wp-content\/uploads\/2024\/06\/Die-stummen-Zeugen-2.jpg?resize=525%2C300&ssl=1 1.5x, https:\/\/i0.wp.com\/sven-teuber.info\/wordpress\/wp-content\/uploads\/2024\/06\/Die-stummen-Zeugen-2.jpg?resize=700%2C400&ssl=1 2x, https:\/\/i0.wp.com\/sven-teuber.info\/wordpress\/wp-content\/uploads\/2024\/06\/Die-stummen-Zeugen-2.jpg?resize=1050%2C600&ssl=1 3x, https:\/\/i0.wp.com\/sven-teuber.info\/wordpress\/wp-content\/uploads\/2024\/06\/Die-stummen-Zeugen-2.jpg?resize=1400%2C800&ssl=1 4x"},"classes":[]},{"id":6273,"url":"https:\/\/sven-teuber.info\/wordpress\/titel-die-stummen-zeugen-gemaelde-no-2-von-3-2024-st\/","url_meta":{"origin":5863,"position":1},"title":"Titel: Die stummen Zeugen, Gem\u00e4lde No. 2 von 3, 2024 ST","author":"steuber","date":"18. Juni 2024","format":false,"excerpt":"Die stummen Zeugen\u201d ist der zweite Teil einer dreiteiligen Gem\u00e4ldeserie aus dem Jahr 2024. Das Werk f\u00e4ngt die mysteri\u00f6se Atmosph\u00e4re ein, in der vergessene Geschichten und verborgene Geheimnisse auf ihre Entdeckung warten.","rel":"","context":"In &quot;Allgemein&quot;","block_context":{"text":"Allgemein","link":"https:\/\/sven-teuber.info\/wordpress\/category\/allgemein\/"},"img":{"alt_text":"","src":"https:\/\/i0.wp.com\/sven-teuber.info\/wordpress\/wp-content\/uploads\/2024\/06\/Die-stummen-Zeugen-WEB_2.jpg?resize=350%2C200&ssl=1","width":350,"height":200,"srcset":"https:\/\/i0.wp.com\/sven-teuber.info\/wordpress\/wp-content\/uploads\/2024\/06\/Die-stummen-Zeugen-WEB_2.jpg?resize=350%2C200&ssl=1 1x, https:\/\/i0.wp.com\/sven-teuber.info\/wordpress\/wp-content\/uploads\/2024\/06\/Die-stummen-Zeugen-WEB_2.jpg?resize=525%2C300&ssl=1 1.5x, https:\/\/i0.wp.com\/sven-teuber.info\/wordpress\/wp-content\/uploads\/2024\/06\/Die-stummen-Zeugen-WEB_2.jpg?resize=700%2C400&ssl=1 2x"},"classes":[]},{"id":6275,"url":"https:\/\/sven-teuber.info\/wordpress\/titel-die-stummen-zeugen-gemaelde-no-3-von-3-2024-st\/","url_meta":{"origin":5863,"position":2},"title":"Titel: Die stummen Zeugen, Gem\u00e4lde No. 3 von 3, 2024 ST","author":"steuber","date":"19. Juni 2024","format":false,"excerpt":"\"Die stummen Zeugen\u201d ist der dritte und letzte Teil einer dreiteiligen Gem\u00e4ldeserie aus dem Jahr 2024. Das Werk f\u00e4ngt die mysteri\u00f6se Atmosph\u00e4re ein, in der vergessene Geschichten und verborgene Geheimnisse auf ihre Entdeckung warten.","rel":"","context":"In &quot;Allgemein&quot;","block_context":{"text":"Allgemein","link":"https:\/\/sven-teuber.info\/wordpress\/category\/allgemein\/"},"img":{"alt_text":"","src":"https:\/\/i0.wp.com\/sven-teuber.info\/wordpress\/wp-content\/uploads\/2024\/06\/Die-stummen-Zeugen-WEB.jpg?resize=350%2C200&ssl=1","width":350,"height":200,"srcset":"https:\/\/i0.wp.com\/sven-teuber.info\/wordpress\/wp-content\/uploads\/2024\/06\/Die-stummen-Zeugen-WEB.jpg?resize=350%2C200&ssl=1 1x, https:\/\/i0.wp.com\/sven-teuber.info\/wordpress\/wp-content\/uploads\/2024\/06\/Die-stummen-Zeugen-WEB.jpg?resize=525%2C300&ssl=1 1.5x, https:\/\/i0.wp.com\/sven-teuber.info\/wordpress\/wp-content\/uploads\/2024\/06\/Die-stummen-Zeugen-WEB.jpg?resize=700%2C400&ssl=1 2x, https:\/\/i0.wp.com\/sven-teuber.info\/wordpress\/wp-content\/uploads\/2024\/06\/Die-stummen-Zeugen-WEB.jpg?resize=1050%2C600&ssl=1 3x, https:\/\/i0.wp.com\/sven-teuber.info\/wordpress\/wp-content\/uploads\/2024\/06\/Die-stummen-Zeugen-WEB.jpg?resize=1400%2C800&ssl=1 4x"},"classes":[]},{"id":6020,"url":"https:\/\/sven-teuber.info\/wordpress\/titel-kein-titel-st-2023\/","url_meta":{"origin":5863,"position":3},"title":"Titel: Kein Titel, ST, 2023","author":"steuber","date":"19. Oktober 2023","format":false,"excerpt":"Titel: Kein Titel, ST, 2023","rel":"","context":"In &quot;Allgemein&quot;","block_context":{"text":"Allgemein","link":"https:\/\/sven-teuber.info\/wordpress\/category\/allgemein\/"},"img":{"alt_text":"","src":"https:\/\/i0.wp.com\/sven-teuber.info\/wordpress\/wp-content\/uploads\/2023\/10\/Terror.png?resize=350%2C200&ssl=1","width":350,"height":200,"srcset":"https:\/\/i0.wp.com\/sven-teuber.info\/wordpress\/wp-content\/uploads\/2023\/10\/Terror.png?resize=350%2C200&ssl=1 1x, https:\/\/i0.wp.com\/sven-teuber.info\/wordpress\/wp-content\/uploads\/2023\/10\/Terror.png?resize=525%2C300&ssl=1 1.5x, https:\/\/i0.wp.com\/sven-teuber.info\/wordpress\/wp-content\/uploads\/2023\/10\/Terror.png?resize=700%2C400&ssl=1 2x"},"classes":[]},{"id":5830,"url":"https:\/\/sven-teuber.info\/wordpress\/titel-die-kriegsweise\/","url_meta":{"origin":5863,"position":4},"title":"Titel: Die Kriegswaise","author":"steuber","date":"1. Februar 2023","format":false,"excerpt":"Titel: Die Kriegswaise, ST, 2023","rel":"","context":"In &quot;Allgemein&quot;","block_context":{"text":"Allgemein","link":"https:\/\/sven-teuber.info\/wordpress\/category\/allgemein\/"},"img":{"alt_text":"","src":"https:\/\/i0.wp.com\/sven-teuber.info\/wordpress\/wp-content\/uploads\/2023\/01\/Weisenkind-Blut.jpg?resize=350%2C200&ssl=1","width":350,"height":200,"srcset":"https:\/\/i0.wp.com\/sven-teuber.info\/wordpress\/wp-content\/uploads\/2023\/01\/Weisenkind-Blut.jpg?resize=350%2C200&ssl=1 1x, https:\/\/i0.wp.com\/sven-teuber.info\/wordpress\/wp-content\/uploads\/2023\/01\/Weisenkind-Blut.jpg?resize=525%2C300&ssl=1 1.5x, https:\/\/i0.wp.com\/sven-teuber.info\/wordpress\/wp-content\/uploads\/2023\/01\/Weisenkind-Blut.jpg?resize=700%2C400&ssl=1 2x"},"classes":[]},{"id":5871,"url":"https:\/\/sven-teuber.info\/wordpress\/titel-das-letzte-aufgebot\/","url_meta":{"origin":5863,"position":5},"title":"Titel: Das letzte Aufgebot","author":"steuber","date":"20. Februar 2023","format":false,"excerpt":"Titel: Das letzte Aufgebot, ST 2023","rel":"","context":"In &quot;Allgemein&quot;","block_context":{"text":"Allgemein","link":"https:\/\/sven-teuber.info\/wordpress\/category\/allgemein\/"},"img":{"alt_text":"","src":"https:\/\/i0.wp.com\/sven-teuber.info\/wordpress\/wp-content\/uploads\/2023\/02\/Das-letzte-Aufgebot.jpg?resize=350%2C200&ssl=1","width":350,"height":200,"srcset":"https:\/\/i0.wp.com\/sven-teuber.info\/wordpress\/wp-content\/uploads\/2023\/02\/Das-letzte-Aufgebot.jpg?resize=350%2C200&ssl=1 1x, https:\/\/i0.wp.com\/sven-teuber.info\/wordpress\/wp-content\/uploads\/2023\/02\/Das-letzte-Aufgebot.jpg?resize=525%2C300&ssl=1 1.5x, https:\/\/i0.wp.com\/sven-teuber.info\/wordpress\/wp-content\/uploads\/2023\/02\/Das-letzte-Aufgebot.jpg?resize=700%2C400&ssl=1 2x"},"classes":[]}],"jetpack_likes_enabled":true,"_links":{"self":[{"href":"https:\/\/sven-teuber.info\/wordpress\/wp-json\/wp\/v2\/posts\/5863","targetHints":{"allow":["GET"]}}],"collection":[{"href":"https:\/\/sven-teuber.info\/wordpress\/wp-json\/wp\/v2\/posts"}],"about":[{"href":"https:\/\/sven-teuber.info\/wordpress\/wp-json\/wp\/v2\/types\/post"}],"author":[{"embeddable":true,"href":"https:\/\/sven-teuber.info\/wordpress\/wp-json\/wp\/v2\/users\/2"}],"replies":[{"embeddable":true,"href":"https:\/\/sven-teuber.info\/wordpress\/wp-json\/wp\/v2\/comments?post=5863"}],"version-history":[{"count":1,"href":"https:\/\/sven-teuber.info\/wordpress\/wp-json\/wp\/v2\/posts\/5863\/revisions"}],"predecessor-version":[{"id":5865,"href":"https:\/\/sven-teuber.info\/wordpress\/wp-json\/wp\/v2\/posts\/5863\/revisions\/5865"}],"wp:attachment":[{"href":"https:\/\/sven-teuber.info\/wordpress\/wp-json\/wp\/v2\/media?parent=5863"}],"wp:term":[{"taxonomy":"category","embeddable":true,"href":"https:\/\/sven-teuber.info\/wordpress\/wp-json\/wp\/v2\/categories?post=5863"},{"taxonomy":"post_tag","embeddable":true,"href":"https:\/\/sven-teuber.info\/wordpress\/wp-json\/wp\/v2\/tags?post=5863"}],"curies":[{"name":"wp","href":"https:\/\/api.w.org\/{rel}","templated":true}]}}