{"id":6107,"date":"2024-04-25T20:00:00","date_gmt":"2024-04-25T18:00:00","guid":{"rendered":"https:\/\/sven-teuber.info\/wordpress\/?p=6107"},"modified":"2024-05-31T17:22:58","modified_gmt":"2024-05-31T15:22:58","slug":"eu-korruptionsskandale","status":"publish","type":"post","link":"https:\/\/sven-teuber.info\/wordpress\/eu-korruptionsskandale\/","title":{"rendered":"EU-Korruptionsskandale"},"content":{"rendered":"\n<figure class=\"wp-block-image size-large\"><img data-recalc-dims=\"1\" loading=\"lazy\" decoding=\"async\" width=\"584\" height=\"828\" data-attachment-id=\"6101\" data-permalink=\"https:\/\/sven-teuber.info\/wordpress\/28-000-eu-lobbyisten\/\" data-orig-file=\"https:\/\/i0.wp.com\/sven-teuber.info\/wordpress\/wp-content\/uploads\/2024\/04\/28.000-EU-Lobbyisten.jpg?fit=1016%2C1440&amp;ssl=1\" data-orig-size=\"1016,1440\" data-comments-opened=\"1\" data-image-meta=\"{&quot;aperture&quot;:&quot;0&quot;,&quot;credit&quot;:&quot;&quot;,&quot;camera&quot;:&quot;&quot;,&quot;caption&quot;:&quot;&quot;,&quot;created_timestamp&quot;:&quot;0&quot;,&quot;copyright&quot;:&quot;&quot;,&quot;focal_length&quot;:&quot;0&quot;,&quot;iso&quot;:&quot;0&quot;,&quot;shutter_speed&quot;:&quot;0&quot;,&quot;title&quot;:&quot;&quot;,&quot;orientation&quot;:&quot;0&quot;}\" data-image-title=\"28.000 EU Lobbyisten\" data-image-description=\"\" data-image-caption=\"\" data-large-file=\"https:\/\/i0.wp.com\/sven-teuber.info\/wordpress\/wp-content\/uploads\/2024\/04\/28.000-EU-Lobbyisten.jpg?fit=584%2C828&amp;ssl=1\" src=\"https:\/\/i0.wp.com\/sven-teuber.info\/wordpress\/wp-content\/uploads\/2024\/04\/28.000-EU-Lobbyisten.jpg?resize=584%2C828&#038;ssl=1\" alt=\"\" class=\"wp-image-6101\" srcset=\"https:\/\/i0.wp.com\/sven-teuber.info\/wordpress\/wp-content\/uploads\/2024\/04\/28.000-EU-Lobbyisten.jpg?resize=722%2C1024&amp;ssl=1 722w, https:\/\/i0.wp.com\/sven-teuber.info\/wordpress\/wp-content\/uploads\/2024\/04\/28.000-EU-Lobbyisten.jpg?resize=212%2C300&amp;ssl=1 212w, https:\/\/i0.wp.com\/sven-teuber.info\/wordpress\/wp-content\/uploads\/2024\/04\/28.000-EU-Lobbyisten.jpg?resize=768%2C1089&amp;ssl=1 768w, https:\/\/i0.wp.com\/sven-teuber.info\/wordpress\/wp-content\/uploads\/2024\/04\/28.000-EU-Lobbyisten.jpg?w=1016&amp;ssl=1 1016w\" sizes=\"auto, (max-width: 584px) 100vw, 584px\" \/><figcaption class=\"wp-element-caption\">Serie politischer Plakate zu sozialen und gesellschaftspolitischen Themen, 2024, ST<br \/>Dieses Bild wurde mit Unterst\u00fctzung k\u00fcnstlicher Intelligenz erstellt.<\/figcaption><\/figure>\n\n\n\n<h1><span>Europas Machtspiel auf der Spur<\/span><\/h1>\n<p><span>Demokratien sind fragil, unabh\u00e4ngige Medien sind unverzichtbar. Wir recherchieren, informieren und heben hervor. Wir\u00a0<\/span><i><span>folgen dem Geld: <\/span><\/i><a style=\"font-size: revert;\" href=\"https:\/\/www.ftm.eu\/\">https:\/\/www.ftm.eu\/<\/a><\/p>\n\n\n\n\n\n<p><span class=\"embed-youtube\" style=\"text-align:center; display: block;\"><iframe loading=\"lazy\" class=\"youtube-player\" width=\"584\" height=\"329\" src=\"https:\/\/www.youtube.com\/embed\/9smOcXr2mO0?version=3&#038;rel=1&#038;showsearch=0&#038;showinfo=1&#038;iv_load_policy=1&#038;fs=1&#038;hl=de-DE&#038;autohide=2&#038;wmode=transparent\" allowfullscreen=\"true\" style=\"border:0;\" sandbox=\"allow-scripts allow-same-origin allow-popups allow-presentation allow-popups-to-escape-sandbox\"><\/iframe><\/span><\/p>\n","protected":false},"excerpt":{"rendered":"<p>Europas Machtspiel auf der Spur Demokratien sind fragil, unabh\u00e4ngige Medien sind unverzichtbar. Wir recherchieren, informieren und heben hervor. Wir\u00a0folgen dem Geld: https:\/\/www.ftm.eu\/<\/p>\n","protected":false},"author":2,"featured_media":0,"comment_status":"open","ping_status":"open","sticky":false,"template":"","format":"standard","meta":{"_crdt_document":"","jetpack_post_was_ever_published":false,"_jetpack_newsletter_access":"","_jetpack_dont_email_post_to_subs":false,"_jetpack_newsletter_tier_id":0,"_jetpack_memberships_contains_paywalled_content":false,"_jetpack_memberships_contains_paid_content":false,"footnotes":"","jetpack_publicize_message":"","jetpack_publicize_feature_enabled":true,"jetpack_social_post_already_shared":true,"jetpack_social_options":{"image_generator_settings":{"template":"highway","default_image_id":0,"font":"","enabled":false},"version":2}},"categories":[7,6,502,637,22],"tags":[342,106,879,457],"class_list":["post-6107","post","type-post","status-publish","format-standard","hentry","category-in-practice","category-knowledge","category-politik","category-satire","category-video","tag-europa","tag-gesellschaft","tag-korruption","tag-politik"],"jetpack_publicize_connections":[],"jetpack_featured_media_url":"","jetpack_sharing_enabled":true,"jetpack_shortlink":"https:\/\/wp.me\/p3CWBT-1Av","jetpack-related-posts":[{"id":6109,"url":"https:\/\/sven-teuber.info\/wordpress\/armut-und-ungleichheit-europas-unterschaetzte-gefahr\/","url_meta":{"origin":6107,"position":0},"title":"Armut und Ungleichheit: Europas untersch\u00e4tzte Gefahr","author":"steuber","date":"26. April 2024","format":false,"excerpt":"Serie politischer Plakate zu sozialen und gesellschaftspolitischen Themen, 2024, STDieses Bild wurde mit Unterst\u00fctzung k\u00fcnstlicher Intelligenz erstellt.","rel":"","context":"In &quot;Allgemein&quot;","block_context":{"text":"Allgemein","link":"https:\/\/sven-teuber.info\/wordpress\/category\/allgemein\/"},"img":{"alt_text":"","src":"https:\/\/i0.wp.com\/sven-teuber.info\/wordpress\/wp-content\/uploads\/2024\/04\/Fuer-ein-Europa-in-dem-niemand-arm-sein-muss.jpg?resize=350%2C200&ssl=1","width":350,"height":200,"srcset":"https:\/\/i0.wp.com\/sven-teuber.info\/wordpress\/wp-content\/uploads\/2024\/04\/Fuer-ein-Europa-in-dem-niemand-arm-sein-muss.jpg?resize=350%2C200&ssl=1 1x, https:\/\/i0.wp.com\/sven-teuber.info\/wordpress\/wp-content\/uploads\/2024\/04\/Fuer-ein-Europa-in-dem-niemand-arm-sein-muss.jpg?resize=525%2C300&ssl=1 1.5x, https:\/\/i0.wp.com\/sven-teuber.info\/wordpress\/wp-content\/uploads\/2024\/04\/Fuer-ein-Europa-in-dem-niemand-arm-sein-muss.jpg?resize=700%2C400&ssl=1 2x"},"classes":[]},{"id":6221,"url":"https:\/\/sven-teuber.info\/wordpress\/einladung-zu-ausstellung-politische-plakate-ansaessig-zu-den-wahlen-2024-23-08-17-20-uhr\/","url_meta":{"origin":6107,"position":1},"title":"Satire-Wahl-Plakate: Ein kritischer Blick auf die politische Landschaft 2024","author":"steuber","date":"31. Mai 2024","format":false,"excerpt":"Ort: Mini Streetart Museum, Peter M\u00fcck, Alteburger Str. 28, 50678 K\u00f6ln Wir pr\u00e4sentieren hier eine eindrucksvolle Sammlung von Satire-Wahl-Plakaten, die den st\u00e4ndigen Widerspruch zwischen den Versprechungen der Politiker und der Realit\u00e4t der politischen Landschaft und der Gesellschaft anl\u00e4sslich der Landtags-, EU-Wahlen 2024 verinnerlichen. Die Plakate bieten einen faszinierenden, \u00fcberspitzten Einblick\u2026","rel":"","context":"In &quot;Allgemein&quot;","block_context":{"text":"Allgemein","link":"https:\/\/sven-teuber.info\/wordpress\/category\/allgemein\/"},"img":{"alt_text":"","src":"https:\/\/i0.wp.com\/sven-teuber.info\/wordpress\/wp-content\/uploads\/2024\/05\/image.png?resize=350%2C200&ssl=1","width":350,"height":200,"srcset":"https:\/\/i0.wp.com\/sven-teuber.info\/wordpress\/wp-content\/uploads\/2024\/05\/image.png?resize=350%2C200&ssl=1 1x, https:\/\/i0.wp.com\/sven-teuber.info\/wordpress\/wp-content\/uploads\/2024\/05\/image.png?resize=525%2C300&ssl=1 1.5x, https:\/\/i0.wp.com\/sven-teuber.info\/wordpress\/wp-content\/uploads\/2024\/05\/image.png?resize=700%2C400&ssl=1 2x"},"classes":[]},{"id":6090,"url":"https:\/\/sven-teuber.info\/wordpress\/greenwashing-mit-co2-zertifikaten\/","url_meta":{"origin":6107,"position":2},"title":"Greenwashing mit CO2-Zertifikaten","author":"steuber","date":"23. April 2024","format":false,"excerpt":"Serie politischer Plakate zu sozialen und gesellschaftspolitischen Themen, 2024, ST Dieses Bild wurde mit Unterst\u00fctzung k\u00fcnstlicher Intelligenz erstellt. https:\/\/www.youtube.com\/watch?v=fRl9SWJwy-A","rel":"","context":"In &quot;Allgemein&quot;","block_context":{"text":"Allgemein","link":"https:\/\/sven-teuber.info\/wordpress\/category\/allgemein\/"},"img":{"alt_text":"","src":"https:\/\/i0.wp.com\/sven-teuber.info\/wordpress\/wp-content\/uploads\/2024\/04\/Fuer-eine-Politik-die-so-vernuenftig-ist-3.jpg?resize=350%2C200&ssl=1","width":350,"height":200,"srcset":"https:\/\/i0.wp.com\/sven-teuber.info\/wordpress\/wp-content\/uploads\/2024\/04\/Fuer-eine-Politik-die-so-vernuenftig-ist-3.jpg?resize=350%2C200&ssl=1 1x, https:\/\/i0.wp.com\/sven-teuber.info\/wordpress\/wp-content\/uploads\/2024\/04\/Fuer-eine-Politik-die-so-vernuenftig-ist-3.jpg?resize=525%2C300&ssl=1 1.5x, https:\/\/i0.wp.com\/sven-teuber.info\/wordpress\/wp-content\/uploads\/2024\/04\/Fuer-eine-Politik-die-so-vernuenftig-ist-3.jpg?resize=700%2C400&ssl=1 2x"},"classes":[]},{"id":3304,"url":"https:\/\/sven-teuber.info\/wordpress\/henryk-m-broder\/","url_meta":{"origin":6107,"position":3},"title":"Droht eine Spaltung der Gesellschaft?","author":"steuber","date":"17. Januar 2016","format":"video","excerpt":"Henryk M. Broder hat in den letzten Jahren zahlreiche Beitr\u00e4ge zu Islamismus und islamistischem Terrorismus ver\u00f6ffentlicht. Er kritisiert die seiner Ansicht nach unzureichende Auseinandersetzung mit diesen Ph\u00e4nomenen in Teilen der europ\u00e4ischen Gesellschaft und Medien sowie generell eine Haltung von \u201e1,5\u00a0Milliarden Moslems in aller Welt, die chronisch zum Beleidigtsein und unvorhersehbaren\u2026","rel":"","context":"In &quot;For your Information&quot;","block_context":{"text":"For your Information","link":"https:\/\/sven-teuber.info\/wordpress\/category\/for-your-information\/"},"img":{"alt_text":"","src":"","width":0,"height":0},"classes":[]},{"id":4285,"url":"https:\/\/sven-teuber.info\/wordpress\/transformation-of-humans\/","url_meta":{"origin":6107,"position":4},"title":"Transformation of humans","author":"steuber","date":"30. September 2017","format":false,"excerpt":"https:\/\/youtu.be\/AumrR-5I3AE \u00a0","rel":"","context":"In &quot;Politik&quot;","block_context":{"text":"Politik","link":"https:\/\/sven-teuber.info\/wordpress\/category\/politik\/"},"img":{"alt_text":"","src":"https:\/\/i0.wp.com\/sven-teuber.info\/wordpress\/wp-content\/uploads\/2017\/09\/535A98FC-FEC4-492D-AB4A-8F7E99D7B738.jpeg?resize=350%2C200","width":350,"height":200,"srcset":"https:\/\/i0.wp.com\/sven-teuber.info\/wordpress\/wp-content\/uploads\/2017\/09\/535A98FC-FEC4-492D-AB4A-8F7E99D7B738.jpeg?resize=350%2C200 1x, https:\/\/i0.wp.com\/sven-teuber.info\/wordpress\/wp-content\/uploads\/2017\/09\/535A98FC-FEC4-492D-AB4A-8F7E99D7B738.jpeg?resize=525%2C300 1.5x, https:\/\/i0.wp.com\/sven-teuber.info\/wordpress\/wp-content\/uploads\/2017\/09\/535A98FC-FEC4-492D-AB4A-8F7E99D7B738.jpeg?resize=700%2C400 2x, https:\/\/i0.wp.com\/sven-teuber.info\/wordpress\/wp-content\/uploads\/2017\/09\/535A98FC-FEC4-492D-AB4A-8F7E99D7B738.jpeg?resize=1050%2C600 3x, https:\/\/i0.wp.com\/sven-teuber.info\/wordpress\/wp-content\/uploads\/2017\/09\/535A98FC-FEC4-492D-AB4A-8F7E99D7B738.jpeg?resize=1400%2C800 4x"},"classes":[]},{"id":3711,"url":"https:\/\/sven-teuber.info\/wordpress\/der-gotteswahn\/","url_meta":{"origin":6107,"position":5},"title":"Der Gotteswahn","author":"steuber","date":"20. August 2016","format":false,"excerpt":"Richard Dawkins - Die Sch\u00f6pfungsl\u00fcge und Der Gotteswahn Dawkins gilt als einer der bekanntesten Vertreter des \u201eNeuen Atheismus\" und der sogenannten Brights-Bewegung. \"Kritisches Denken ist der wahre Retter der Menschheit. Seiner Stiftung f\u00f6rdert den Respekt f\u00fcr Menschen, die kritisches Denken als hochgesch\u00e4tzten pers\u00f6nlichen Wert ansehen und diesen im Alltag pflegen\".\u2026","rel":"","context":"In &quot;Allgemein&quot;","block_context":{"text":"Allgemein","link":"https:\/\/sven-teuber.info\/wordpress\/category\/allgemein\/"},"img":{"alt_text":"","src":"","width":0,"height":0},"classes":[]}],"jetpack_likes_enabled":true,"_links":{"self":[{"href":"https:\/\/sven-teuber.info\/wordpress\/wp-json\/wp\/v2\/posts\/6107","targetHints":{"allow":["GET"]}}],"collection":[{"href":"https:\/\/sven-teuber.info\/wordpress\/wp-json\/wp\/v2\/posts"}],"about":[{"href":"https:\/\/sven-teuber.info\/wordpress\/wp-json\/wp\/v2\/types\/post"}],"author":[{"embeddable":true,"href":"https:\/\/sven-teuber.info\/wordpress\/wp-json\/wp\/v2\/users\/2"}],"replies":[{"embeddable":true,"href":"https:\/\/sven-teuber.info\/wordpress\/wp-json\/wp\/v2\/comments?post=6107"}],"version-history":[{"count":4,"href":"https:\/\/sven-teuber.info\/wordpress\/wp-json\/wp\/v2\/posts\/6107\/revisions"}],"predecessor-version":[{"id":6230,"href":"https:\/\/sven-teuber.info\/wordpress\/wp-json\/wp\/v2\/posts\/6107\/revisions\/6230"}],"wp:attachment":[{"href":"https:\/\/sven-teuber.info\/wordpress\/wp-json\/wp\/v2\/media?parent=6107"}],"wp:term":[{"taxonomy":"category","embeddable":true,"href":"https:\/\/sven-teuber.info\/wordpress\/wp-json\/wp\/v2\/categories?post=6107"},{"taxonomy":"post_tag","embeddable":true,"href":"https:\/\/sven-teuber.info\/wordpress\/wp-json\/wp\/v2\/tags?post=6107"}],"curies":[{"name":"wp","href":"https:\/\/api.w.org\/{rel}","templated":true}]}}