{"id":6149,"date":"2024-04-30T18:00:00","date_gmt":"2024-04-30T16:00:00","guid":{"rendered":"https:\/\/sven-teuber.info\/wordpress\/?p=6149"},"modified":"2024-04-29T10:58:19","modified_gmt":"2024-04-29T08:58:19","slug":"wal-mutter-mit-kind","status":"publish","type":"post","link":"https:\/\/sven-teuber.info\/wordpress\/wal-mutter-mit-kind\/","title":{"rendered":"Wal-Mutter mit Kind"},"content":{"rendered":"\n<figure class=\"wp-block-image size-large\"><img data-recalc-dims=\"1\" loading=\"lazy\" decoding=\"async\" width=\"584\" height=\"779\" data-attachment-id=\"6148\" data-permalink=\"https:\/\/sven-teuber.info\/wordpress\/wal-mutter-mit-kind\/\" data-orig-file=\"https:\/\/i0.wp.com\/sven-teuber.info\/wordpress\/wp-content\/uploads\/2024\/04\/Wal-Mutter-mit-Kind.jpg?fit=1296%2C1728&amp;ssl=1\" data-orig-size=\"1296,1728\" data-comments-opened=\"1\" data-image-meta=\"{&quot;aperture&quot;:&quot;0&quot;,&quot;credit&quot;:&quot;&quot;,&quot;camera&quot;:&quot;&quot;,&quot;caption&quot;:&quot;&quot;,&quot;created_timestamp&quot;:&quot;0&quot;,&quot;copyright&quot;:&quot;&quot;,&quot;focal_length&quot;:&quot;0&quot;,&quot;iso&quot;:&quot;0&quot;,&quot;shutter_speed&quot;:&quot;0&quot;,&quot;title&quot;:&quot;&quot;,&quot;orientation&quot;:&quot;0&quot;}\" data-image-title=\"Wal-Mutter mit Kind\" data-image-description=\"\" data-image-caption=\"\" data-large-file=\"https:\/\/i0.wp.com\/sven-teuber.info\/wordpress\/wp-content\/uploads\/2024\/04\/Wal-Mutter-mit-Kind.jpg?fit=584%2C779&amp;ssl=1\" src=\"https:\/\/i0.wp.com\/sven-teuber.info\/wordpress\/wp-content\/uploads\/2024\/04\/Wal-Mutter-mit-Kind.jpg?resize=584%2C779&#038;ssl=1\" alt=\"\" class=\"wp-image-6148\" srcset=\"https:\/\/i0.wp.com\/sven-teuber.info\/wordpress\/wp-content\/uploads\/2024\/04\/Wal-Mutter-mit-Kind.jpg?resize=768%2C1024&amp;ssl=1 768w, https:\/\/i0.wp.com\/sven-teuber.info\/wordpress\/wp-content\/uploads\/2024\/04\/Wal-Mutter-mit-Kind.jpg?resize=225%2C300&amp;ssl=1 225w, https:\/\/i0.wp.com\/sven-teuber.info\/wordpress\/wp-content\/uploads\/2024\/04\/Wal-Mutter-mit-Kind.jpg?resize=1152%2C1536&amp;ssl=1 1152w, https:\/\/i0.wp.com\/sven-teuber.info\/wordpress\/wp-content\/uploads\/2024\/04\/Wal-Mutter-mit-Kind.jpg?w=1296&amp;ssl=1 1296w\" sizes=\"auto, (max-width: 584px) 100vw, 584px\" \/><figcaption class=\"wp-element-caption\">Titel: Wal-Mutter mit Kind, 2024, ST<\/figcaption><\/figure>\n","protected":false},"excerpt":{"rendered":"","protected":false},"author":2,"featured_media":0,"comment_status":"open","ping_status":"open","sticky":false,"template":"","format":"standard","meta":{"_crdt_document":"","jetpack_post_was_ever_published":false,"_jetpack_newsletter_access":"","_jetpack_dont_email_post_to_subs":false,"_jetpack_newsletter_tier_id":0,"_jetpack_memberships_contains_paywalled_content":false,"_jetpack_memberships_contains_paid_content":false,"footnotes":"","jetpack_publicize_message":"","jetpack_publicize_feature_enabled":true,"jetpack_social_post_already_shared":true,"jetpack_social_options":{"image_generator_settings":{"template":"highway","default_image_id":0,"font":"","enabled":false},"version":2}},"categories":[1,839,3,667,502],"tags":[106,880,457,877],"class_list":["post-6149","post","type-post","status-publish","format-standard","hentry","category-allgemein","category-digital-painting","category-for-your-information","category-landscape","category-politik","tag-gesellschaft","tag-meer","tag-politik","tag-umweltschutz"],"jetpack_publicize_connections":[],"jetpack_featured_media_url":"","jetpack_sharing_enabled":true,"jetpack_shortlink":"https:\/\/wp.me\/p3CWBT-1Bb","jetpack-related-posts":[{"id":3685,"url":"https:\/\/sven-teuber.info\/wordpress\/maertyrertod-leichtgemacht-fuer-kinder-von-der-tuerkischen-religionsbehoerde-diyanet\/","url_meta":{"origin":6149,"position":0},"title":"M\u00e4rtyrertod leichtgemacht f\u00fcr Kinder von der  t\u00fcrkischen Religionsbeh\u00f6rde Diyanet","author":"steuber","date":"28. Juli 2016","format":false,"excerpt":"Diyanet \u00f6vmek \u015fehitlik In einem Comic f\u00fcr Kinder von der t\u00fcrkischen Religionsbeh\u00f6rde wird der M\u00e4rtyrertod verherrlicht. In dem Comic erkl\u00e4rt der Vater seinem Sohn wie toll es ist ein M\u00e4rtyrer zu werden. Die vom t\u00fcrkischen Staat unterst\u00fctzte DITIB hat Einfluss auf den Islamunterricht in Deutschland. Das Diyanet \u0130\u015fleri Ba\u015fkanl\u0131\u011f\u0131 (deutsch\u00a0Pr\u00e4sidium\u2026","rel":"","context":"In &quot;Allgemein&quot;","block_context":{"text":"Allgemein","link":"https:\/\/sven-teuber.info\/wordpress\/category\/allgemein\/"},"img":{"alt_text":"Diyanet","src":"https:\/\/i0.wp.com\/sven-teuber.info\/wordpress\/wp-content\/uploads\/2016\/07\/Diyanet.jpg?resize=350%2C200","width":350,"height":200,"srcset":"https:\/\/i0.wp.com\/sven-teuber.info\/wordpress\/wp-content\/uploads\/2016\/07\/Diyanet.jpg?resize=350%2C200 1x, https:\/\/i0.wp.com\/sven-teuber.info\/wordpress\/wp-content\/uploads\/2016\/07\/Diyanet.jpg?resize=525%2C300 1.5x, https:\/\/i0.wp.com\/sven-teuber.info\/wordpress\/wp-content\/uploads\/2016\/07\/Diyanet.jpg?resize=700%2C400 2x"},"classes":[]},{"id":3957,"url":"https:\/\/sven-teuber.info\/wordpress\/was-wird-aus-unserer-rente\/","url_meta":{"origin":6149,"position":1},"title":"Was wird aus unserer Rente?","author":"steuber","date":"15. Januar 2017","format":false,"excerpt":"Die Rentenreform 1957 und ihre Folgen \"Vor 50 Jahren wurde in Deutschland die so genannte dynamische Rente eingef\u00fchrt. Die Kopplung der Altersbez\u00fcge an die Lohnentwicklung sicherte den Ruhest\u00e4ndlern Wohlstand im Alter und bescherte der Politik die gr\u00f6\u00dfte Reformbaustelle der Nachkriegsgeschichte\" . Weiterlesen..... Von Gode Japs Quelle: Deutschlandfunk, 22.01.2007 Winfried Schm\u00e4hl\u2026","rel":"","context":"In &quot;Allgemein&quot;","block_context":{"text":"Allgemein","link":"https:\/\/sven-teuber.info\/wordpress\/category\/allgemein\/"},"img":{"alt_text":"","src":"https:\/\/i0.wp.com\/sven-teuber.info\/wordpress\/wp-content\/uploads\/2017\/01\/spd_plakat_1957.jpg?resize=350%2C200","width":350,"height":200,"srcset":"https:\/\/i0.wp.com\/sven-teuber.info\/wordpress\/wp-content\/uploads\/2017\/01\/spd_plakat_1957.jpg?resize=350%2C200 1x, https:\/\/i0.wp.com\/sven-teuber.info\/wordpress\/wp-content\/uploads\/2017\/01\/spd_plakat_1957.jpg?resize=525%2C300 1.5x"},"classes":[]},{"id":6543,"url":"https:\/\/sven-teuber.info\/wordpress\/normandie-2025-sw-photographie\/","url_meta":{"origin":6149,"position":2},"title":"Normandie 2025, SW-Photographie","author":"steuber","date":"8. Juni 2025","format":false,"excerpt":"Der Wahnsinn des Krieges \u2013 Ein Monument aus Blut und Sand Einige Bilder zeigen die Erinnerungs-\u00dcberreste des D-DAY in der Normandie, einst Schauplatz der H\u00f6lle auf Erden. Am 6. Juni 1944, verwandelte sich dieser ruhige K\u00fcstenstreifen in ein wahrhaftiges Schlachtfeld. Tausende junger M\u00e4nner wateten durch das eiskalte Wasser, w\u00e4hrend Maschinengewehrfeuer\u2026","rel":"","context":"In &quot;Allgemein&quot;","block_context":{"text":"Allgemein","link":"https:\/\/sven-teuber.info\/wordpress\/category\/allgemein\/"},"img":{"alt_text":"","src":"https:\/\/i0.wp.com\/sven-teuber.info\/wordpress\/wp-content\/uploads\/2025\/06\/Normandie-01.jpg?resize=350%2C200","width":350,"height":200,"srcset":"https:\/\/i0.wp.com\/sven-teuber.info\/wordpress\/wp-content\/uploads\/2025\/06\/Normandie-01.jpg?resize=350%2C200 1x, https:\/\/i0.wp.com\/sven-teuber.info\/wordpress\/wp-content\/uploads\/2025\/06\/Normandie-01.jpg?resize=525%2C300 1.5x, https:\/\/i0.wp.com\/sven-teuber.info\/wordpress\/wp-content\/uploads\/2025\/06\/Normandie-01.jpg?resize=700%2C400 2x, https:\/\/i0.wp.com\/sven-teuber.info\/wordpress\/wp-content\/uploads\/2025\/06\/Normandie-01.jpg?resize=1050%2C600 3x"},"classes":[]},{"id":5857,"url":"https:\/\/sven-teuber.info\/wordpress\/titel-mutter-sein\/","url_meta":{"origin":6149,"position":3},"title":"Titel: Mutter sein","author":"steuber","date":"10. Februar 2023","format":false,"excerpt":"Titel: Mutter sein, ST 2023","rel":"","context":"In &quot;Allgemein&quot;","block_context":{"text":"Allgemein","link":"https:\/\/sven-teuber.info\/wordpress\/category\/allgemein\/"},"img":{"alt_text":"","src":"https:\/\/i0.wp.com\/sven-teuber.info\/wordpress\/wp-content\/uploads\/2023\/02\/image00128329.jpg?resize=350%2C200&ssl=1","width":350,"height":200,"srcset":"https:\/\/i0.wp.com\/sven-teuber.info\/wordpress\/wp-content\/uploads\/2023\/02\/image00128329.jpg?resize=350%2C200&ssl=1 1x, https:\/\/i0.wp.com\/sven-teuber.info\/wordpress\/wp-content\/uploads\/2023\/02\/image00128329.jpg?resize=525%2C300&ssl=1 1.5x, https:\/\/i0.wp.com\/sven-teuber.info\/wordpress\/wp-content\/uploads\/2023\/02\/image00128329.jpg?resize=700%2C400&ssl=1 2x"},"classes":[]},{"id":3932,"url":"https:\/\/sven-teuber.info\/wordpress\/big-brother-im-schwarzwald\/","url_meta":{"origin":6149,"position":4},"title":"Big Brother im Schwarzwald","author":"steuber","date":"8. Januar 2017","format":"gallery","excerpt":"Guten Morgen, liebe Jogger und Wanderer, Sie werden von unserer CCTV-Anlage beobachtet und besch\u00fctzt. Nach dem Anschlag in Berlin forderte die deutsche Polizeigewerkschaft eine Ausweitung der Video\u00fcberwachungen. Mehr Kameras auf Pl\u00e4tzen, Bahnh\u00f6fen und in Stadien, mehr Bodycams f\u00fcr Polizisten. In Gro\u00dfbritannien ist die gro\u00dffl\u00e4chige Video\u00fcberwachung seit Langem g\u00e4ngige Praxis. Am\u2026","rel":"","context":"In &quot;Allgemein&quot;","block_context":{"text":"Allgemein","link":"https:\/\/sven-teuber.info\/wordpress\/category\/allgemein\/"},"img":{"alt_text":"","src":"https:\/\/i0.wp.com\/sven-teuber.info\/wordpress\/wp-content\/uploads\/2017\/01\/Sicherheit.jpg?resize=350%2C200","width":350,"height":200,"srcset":"https:\/\/i0.wp.com\/sven-teuber.info\/wordpress\/wp-content\/uploads\/2017\/01\/Sicherheit.jpg?resize=350%2C200 1x, https:\/\/i0.wp.com\/sven-teuber.info\/wordpress\/wp-content\/uploads\/2017\/01\/Sicherheit.jpg?resize=525%2C300 1.5x"},"classes":[]},{"id":399,"url":"https:\/\/sven-teuber.info\/wordpress\/pflanzenstelle-koeln-kalk-tote-stadt-gibts-genug\/","url_meta":{"origin":6149,"position":5},"title":"Pflanzenstelle K\u00f6ln-Kalk. &#8222;Tote Stadt gibts genug !&#8220;","author":"steuber","date":"8. August 2013","format":false,"excerpt":"Die Pflanzstelle plant zusammen mit dem VISION e.V. und mit einer Beteiligung von K\u00fcnstlern unter anderem auch von crossart international eine Kunstaustellung auf dem Gel\u00e4nde in Kalk in der Neuerburgstra\u00dfe durchzuf\u00fchren. Er\u00f6ffnung ist das GartenFest am 29.09.13 (genaue Infos kommen noch von der Pflanzenstelle). Was ist die Pflanzstelle? Die Pflanzstelle\u2026","rel":"","context":"In &quot;Exhibition&quot;","block_context":{"text":"Exhibition","link":"https:\/\/sven-teuber.info\/wordpress\/category\/exhibition\/"},"img":{"alt_text":"","src":"https:\/\/i0.wp.com\/sven-teuber.info\/wordpress\/wp-content\/uploads\/2013\/08\/Pflanzstelle_Koeln_4.jpg?resize=350%2C200","width":350,"height":200},"classes":[]}],"jetpack_likes_enabled":true,"_links":{"self":[{"href":"https:\/\/sven-teuber.info\/wordpress\/wp-json\/wp\/v2\/posts\/6149","targetHints":{"allow":["GET"]}}],"collection":[{"href":"https:\/\/sven-teuber.info\/wordpress\/wp-json\/wp\/v2\/posts"}],"about":[{"href":"https:\/\/sven-teuber.info\/wordpress\/wp-json\/wp\/v2\/types\/post"}],"author":[{"embeddable":true,"href":"https:\/\/sven-teuber.info\/wordpress\/wp-json\/wp\/v2\/users\/2"}],"replies":[{"embeddable":true,"href":"https:\/\/sven-teuber.info\/wordpress\/wp-json\/wp\/v2\/comments?post=6149"}],"version-history":[{"count":1,"href":"https:\/\/sven-teuber.info\/wordpress\/wp-json\/wp\/v2\/posts\/6149\/revisions"}],"predecessor-version":[{"id":6150,"href":"https:\/\/sven-teuber.info\/wordpress\/wp-json\/wp\/v2\/posts\/6149\/revisions\/6150"}],"wp:attachment":[{"href":"https:\/\/sven-teuber.info\/wordpress\/wp-json\/wp\/v2\/media?parent=6149"}],"wp:term":[{"taxonomy":"category","embeddable":true,"href":"https:\/\/sven-teuber.info\/wordpress\/wp-json\/wp\/v2\/categories?post=6149"},{"taxonomy":"post_tag","embeddable":true,"href":"https:\/\/sven-teuber.info\/wordpress\/wp-json\/wp\/v2\/tags?post=6149"}],"curies":[{"name":"wp","href":"https:\/\/api.w.org\/{rel}","templated":true}]}}