{"id":6232,"date":"2024-06-01T21:55:01","date_gmt":"2024-06-01T19:55:01","guid":{"rendered":"https:\/\/sven-teuber.info\/wordpress\/ist-das-kunst-oder-kann-das-weg\/"},"modified":"2024-06-01T21:55:01","modified_gmt":"2024-06-01T19:55:01","slug":"ist-das-kunst-oder-kann-das-weg","status":"publish","type":"post","link":"https:\/\/sven-teuber.info\/wordpress\/ist-das-kunst-oder-kann-das-weg\/","title":{"rendered":"Ist das Kunst oder kann das weg?"},"content":{"rendered":"\n<figure class=\"wp-block-image size-large\"><img data-recalc-dims=\"1\" loading=\"lazy\" decoding=\"async\" width=\"584\" height=\"730\" data-attachment-id=\"6231\" data-permalink=\"https:\/\/sven-teuber.info\/wordpress\/fec9d8c7-b1b6-49b4-ac98-4e77e133b5d6-1\/\" data-orig-file=\"https:\/\/i0.wp.com\/sven-teuber.info\/wordpress\/wp-content\/uploads\/2024\/06\/fec9d8c7-b1b6-49b4-ac98-4e77e133b5d6-1.png?fit=921%2C1152&amp;ssl=1\" data-orig-size=\"921,1152\" data-comments-opened=\"1\" data-image-meta=\"{&quot;aperture&quot;:&quot;0&quot;,&quot;credit&quot;:&quot;&quot;,&quot;camera&quot;:&quot;&quot;,&quot;caption&quot;:&quot;&quot;,&quot;created_timestamp&quot;:&quot;0&quot;,&quot;copyright&quot;:&quot;&quot;,&quot;focal_length&quot;:&quot;0&quot;,&quot;iso&quot;:&quot;0&quot;,&quot;shutter_speed&quot;:&quot;0&quot;,&quot;title&quot;:&quot;&quot;,&quot;orientation&quot;:&quot;0&quot;}\" data-image-title=\"Ist-das-Kunst\" data-image-description=\"\" data-image-caption=\"\" data-large-file=\"https:\/\/i0.wp.com\/sven-teuber.info\/wordpress\/wp-content\/uploads\/2024\/06\/fec9d8c7-b1b6-49b4-ac98-4e77e133b5d6-1.png?fit=584%2C730&amp;ssl=1\" src=\"https:\/\/i0.wp.com\/sven-teuber.info\/wordpress\/wp-content\/uploads\/2024\/06\/fec9d8c7-b1b6-49b4-ac98-4e77e133b5d6-1.png?resize=584%2C730&#038;ssl=1\" alt=\"\" class=\"wp-image-6231\" srcset=\"https:\/\/i0.wp.com\/sven-teuber.info\/wordpress\/wp-content\/uploads\/2024\/06\/fec9d8c7-b1b6-49b4-ac98-4e77e133b5d6-1.png?resize=819%2C1024&amp;ssl=1 819w, https:\/\/i0.wp.com\/sven-teuber.info\/wordpress\/wp-content\/uploads\/2024\/06\/fec9d8c7-b1b6-49b4-ac98-4e77e133b5d6-1.png?resize=240%2C300&amp;ssl=1 240w, https:\/\/i0.wp.com\/sven-teuber.info\/wordpress\/wp-content\/uploads\/2024\/06\/fec9d8c7-b1b6-49b4-ac98-4e77e133b5d6-1.png?resize=768%2C961&amp;ssl=1 768w, https:\/\/i0.wp.com\/sven-teuber.info\/wordpress\/wp-content\/uploads\/2024\/06\/fec9d8c7-b1b6-49b4-ac98-4e77e133b5d6-1.png?w=921&amp;ssl=1 921w\" sizes=\"auto, (max-width: 584px) 100vw, 584px\" \/><figcaption class=\"wp-element-caption\">Titel: Ist das Kunst oder kann das weg?, 2024 ST<\/figcaption><\/figure>\n","protected":false},"excerpt":{"rendered":"","protected":false},"author":2,"featured_media":0,"comment_status":"open","ping_status":"open","sticky":false,"template":"","format":"standard","meta":{"_crdt_document":"","jetpack_post_was_ever_published":false,"_jetpack_newsletter_access":"","_jetpack_dont_email_post_to_subs":false,"_jetpack_newsletter_tier_id":0,"_jetpack_memberships_contains_paywalled_content":false,"_jetpack_memberships_contains_paid_content":false,"footnotes":"","jetpack_publicize_message":"","jetpack_publicize_feature_enabled":true,"jetpack_social_post_already_shared":true,"jetpack_social_options":{"image_generator_settings":{"template":"highway","default_image_id":0,"font":"","enabled":false},"version":2}},"categories":[1,3],"tags":[238,106,28,31,43],"class_list":["post-6232","post","type-post","status-publish","format-standard","hentry","category-allgemein","category-for-your-information","tag-art","tag-gesellschaft","tag-kunst","tag-kuenstler","tag-philosophie"],"jetpack_publicize_connections":[],"jetpack_featured_media_url":"","jetpack_sharing_enabled":true,"jetpack_shortlink":"https:\/\/wp.me\/p3CWBT-1Cw","jetpack-related-posts":[{"id":5593,"url":"https:\/\/sven-teuber.info\/wordpress\/kunst-mit-kunst-verbinden\/","url_meta":{"origin":6232,"position":0},"title":"KUNST MIT KUNST VERBINDEN","author":"steuber","date":"9. Februar 2022","format":false,"excerpt":"https:\/\/www.crossartlive.de\/blog\/2022\/02\/09\/kunst-mit-kunst-verbinden-crossart-macht-schule-vernissage-einfach-kunst\/","rel":"","context":"In &quot;Allgemein&quot;","block_context":{"text":"Allgemein","link":"https:\/\/sven-teuber.info\/wordpress\/category\/allgemein\/"},"img":{"alt_text":"","src":"","width":0,"height":0},"classes":[]},{"id":3310,"url":"https:\/\/sven-teuber.info\/wordpress\/die-wahre-aesthetik-des-islam\/","url_meta":{"origin":6232,"position":1},"title":"Die \u201ewahre\u201c \u00c4sthetik des Islam","author":"steuber","date":"18. Januar 2016","format":false,"excerpt":"Drei Artikel zu dem Thema Kunst im Islam: \"Muss Kunst mit den religi\u00f6sen Geboten des Islam im Einklang stehen? In \u00c4gypten streiten orthodoxe und s\u00e4kulare Muslime dar\u00fcber, wie stark sich die Kunst moralisch engagieren sollte\". 12.12.2012, von Joseph Croitoru, weiterlesen.... Quelle: F.A.Z. Kunst und Islam - Klischees auf dem Pr\u00fcfstand\u2026","rel":"","context":"In &quot;For your Information&quot;","block_context":{"text":"For your Information","link":"https:\/\/sven-teuber.info\/wordpress\/category\/for-your-information\/"},"img":{"alt_text":"","src":"","width":0,"height":0},"classes":[]},{"id":2335,"url":"https:\/\/sven-teuber.info\/wordpress\/performance-art-show-ein-kunstprojekt-von-parzival-getanzt-und-performt-von-nanni-rasul\/","url_meta":{"origin":6232,"position":2},"title":"&#8222;Performance-Art-Show&#8220; Ein Kunstprojekt von Parzival Getanzt und performt von Nanni Rasul","author":"steuber","date":"11. September 2014","format":"aside","excerpt":"Kunst-Schauspiel und Ausstellung zur Photokina 2014 Ein Kunstprojekt von Parzival Getanzt und performt von Nanni Rasul 16. bis 21.9., je von 20 - 22 Uhr, Auff\u00fchrungen alle 15 Minuten \"Campi Volksb\u00fchne\", Aachenerstr. 5, neben dem Millowitsch-Theater ....mal was anderes sehen !? In Kooperation mit unserem Partner \"Campi Volksb\u00fchne\" weisen wir\u2026","rel":"","context":"In &quot;Events&quot;","block_context":{"text":"Events","link":"https:\/\/sven-teuber.info\/wordpress\/category\/events\/"},"img":{"alt_text":"","src":"","width":0,"height":0},"classes":[]},{"id":6562,"url":"https:\/\/sven-teuber.info\/wordpress\/der-ursprung-des-kunstwerks-und-die-offenbarung-des-unsagbar\/","url_meta":{"origin":6232,"position":3},"title":"Der Ursprung des Kunstwerks und die Offenbarung des Unsagbaren","author":"Nataljia Vibescu","date":"3. August 2025","format":false,"excerpt":"Vorwort:Der auf einem Korpus mit vier Materialvorlagen gr\u00fcndende, interdisziplin\u00e4re, kunstwissenschaftliche und kritische Essay von Dr. Natalia Teuber-Terrones verbindet philosophische Kunst- und \u00c4sthetiktheorien (Heidegger, Gabriel, Adorno, Benjamin) mit konkreten Werkanalysen (Rilke, Thorak) zu einer kritischen Untersuchung der einzigartigen Macht der Kunst \u2013 ihrer F\u00e4higkeit zur Weltsch\u00f6pfung und Wahrheitsoffenbarung, ihrer transformatorischen Kraft\u2026","rel":"","context":"In &quot;Allgemein&quot;","block_context":{"text":"Allgemein","link":"https:\/\/sven-teuber.info\/wordpress\/category\/allgemein\/"},"img":{"alt_text":"","src":"https:\/\/i0.wp.com\/sven-teuber.info\/wordpress\/wp-content\/uploads\/2025\/08\/Josef-Thorak-Berlin.jpg?resize=350%2C200&ssl=1","width":350,"height":200,"srcset":"https:\/\/i0.wp.com\/sven-teuber.info\/wordpress\/wp-content\/uploads\/2025\/08\/Josef-Thorak-Berlin.jpg?resize=350%2C200&ssl=1 1x, https:\/\/i0.wp.com\/sven-teuber.info\/wordpress\/wp-content\/uploads\/2025\/08\/Josef-Thorak-Berlin.jpg?resize=525%2C300&ssl=1 1.5x"},"classes":[]},{"id":2587,"url":"https:\/\/sven-teuber.info\/wordpress\/kann-kunst-denn-kriege-verhindern-frau-karabaic-waz-de\/","url_meta":{"origin":6232,"position":4},"title":"Kann Kunst denn Kriege verhindern, Frau Karabaic? WAZ.de","author":"steuber","date":"13. Januar 2015","format":"quote","excerpt":"FOTO: ANW Flickr Am Niederrhein. \u00a0 Milena Karabaic ist LVR-Dezernentin und hat eine Talk-Runde vorbereitet: \u201eZeichen gegen den Krieg\u201c und die Rolle der Kunst. Donnerstag, im Lehmbruck-Museum Duisburg.Welche Rolle spielt die Kunst in Zeiten des Krieges? Welche M\u00f6glichkeit hat sie? Der Landschaftsverband Rheinland (LVR) l\u00e4dt im Rahmen des Verbundprojektes \u201e1914\u2026","rel":"","context":"In &quot;Allgemein&quot;","block_context":{"text":"Allgemein","link":"https:\/\/sven-teuber.info\/wordpress\/category\/allgemein\/"},"img":{"alt_text":"","src":"","width":0,"height":0},"classes":[]},{"id":2483,"url":"https:\/\/sven-teuber.info\/wordpress\/vorankuendigung-15-1116-11-artclub-koeln\/","url_meta":{"origin":6232,"position":5},"title":"NDIVIDUALMARKT &#8211; Kunstmesse der W\u00fcnsche 15.11\/16.11 Artclub K\u00f6ln","author":"steuber","date":"3. November 2014","format":false,"excerpt":"VORANK\u00dcNDIGUNG Liebe Kunstfreunde und Kunstk\u00e4ufer, wir bitten Sie sehr freundlich um Ihre gesch\u00e4tzte Aufmerksamkeit. Der artclub hat eine ganz neue Art von Kunstmesse erfunden: \u201eINDIVIDUALMARKT - Kunstmesse der W\u00fcnsche Die erste Kunstmesse der Welt, auf der es keine fertigen Kunstwerke zu kaufen gibt. Sa, 15. 11., von 15 bis 20\u2026","rel":"","context":"In &quot;Allgemein&quot;","block_context":{"text":"Allgemein","link":"https:\/\/sven-teuber.info\/wordpress\/category\/allgemein\/"},"img":{"alt_text":"artclubPRESSE135KI1114","src":"https:\/\/i0.wp.com\/sven-teuber.info\/wordpress\/wp-content\/uploads\/2014\/11\/artclubPRESSE135KI1114.jpg?resize=350%2C200","width":350,"height":200,"srcset":"https:\/\/i0.wp.com\/sven-teuber.info\/wordpress\/wp-content\/uploads\/2014\/11\/artclubPRESSE135KI1114.jpg?resize=350%2C200 1x, https:\/\/i0.wp.com\/sven-teuber.info\/wordpress\/wp-content\/uploads\/2014\/11\/artclubPRESSE135KI1114.jpg?resize=525%2C300 1.5x"},"classes":[]}],"jetpack_likes_enabled":true,"_links":{"self":[{"href":"https:\/\/sven-teuber.info\/wordpress\/wp-json\/wp\/v2\/posts\/6232","targetHints":{"allow":["GET"]}}],"collection":[{"href":"https:\/\/sven-teuber.info\/wordpress\/wp-json\/wp\/v2\/posts"}],"about":[{"href":"https:\/\/sven-teuber.info\/wordpress\/wp-json\/wp\/v2\/types\/post"}],"author":[{"embeddable":true,"href":"https:\/\/sven-teuber.info\/wordpress\/wp-json\/wp\/v2\/users\/2"}],"replies":[{"embeddable":true,"href":"https:\/\/sven-teuber.info\/wordpress\/wp-json\/wp\/v2\/comments?post=6232"}],"version-history":[{"count":0,"href":"https:\/\/sven-teuber.info\/wordpress\/wp-json\/wp\/v2\/posts\/6232\/revisions"}],"wp:attachment":[{"href":"https:\/\/sven-teuber.info\/wordpress\/wp-json\/wp\/v2\/media?parent=6232"}],"wp:term":[{"taxonomy":"category","embeddable":true,"href":"https:\/\/sven-teuber.info\/wordpress\/wp-json\/wp\/v2\/categories?post=6232"},{"taxonomy":"post_tag","embeddable":true,"href":"https:\/\/sven-teuber.info\/wordpress\/wp-json\/wp\/v2\/tags?post=6232"}],"curies":[{"name":"wp","href":"https:\/\/api.w.org\/{rel}","templated":true}]}}