{"id":6445,"date":"2024-11-28T12:04:09","date_gmt":"2024-11-28T10:04:09","guid":{"rendered":"https:\/\/sven-teuber.info\/wordpress\/?p=6445"},"modified":"2024-11-28T12:04:12","modified_gmt":"2024-11-28T10:04:12","slug":"titel-gefangen-fotografie","status":"publish","type":"post","link":"https:\/\/sven-teuber.info\/wordpress\/titel-gefangen-fotografie\/","title":{"rendered":"Titel: Gefangen, Fotografie"},"content":{"rendered":"\n<figure class=\"wp-block-image size-large\"><img data-recalc-dims=\"1\" loading=\"lazy\" decoding=\"async\" width=\"584\" height=\"440\" data-attachment-id=\"6446\" data-permalink=\"https:\/\/sven-teuber.info\/wordpress\/titel-gefangen-fotografie\/gefangen\/\" data-orig-file=\"https:\/\/i0.wp.com\/sven-teuber.info\/wordpress\/wp-content\/uploads\/2024\/11\/Gefangen-scaled.jpg?fit=2560%2C1928&amp;ssl=1\" data-orig-size=\"2560,1928\" data-comments-opened=\"1\" data-image-meta=\"{&quot;aperture&quot;:&quot;3.5&quot;,&quot;credit&quot;:&quot;&quot;,&quot;camera&quot;:&quot;Pixel 7 Pro&quot;,&quot;caption&quot;:&quot;&quot;,&quot;created_timestamp&quot;:&quot;1732614110&quot;,&quot;copyright&quot;:&quot;&quot;,&quot;focal_length&quot;:&quot;19&quot;,&quot;iso&quot;:&quot;19&quot;,&quot;shutter_speed&quot;:&quot;0.012207&quot;,&quot;title&quot;:&quot;&quot;,&quot;orientation&quot;:&quot;1&quot;}\" data-image-title=\"Gefangen\" data-image-description=\"\" data-image-caption=\"\" data-large-file=\"https:\/\/i0.wp.com\/sven-teuber.info\/wordpress\/wp-content\/uploads\/2024\/11\/Gefangen-scaled.jpg?fit=584%2C440&amp;ssl=1\" src=\"https:\/\/i0.wp.com\/sven-teuber.info\/wordpress\/wp-content\/uploads\/2024\/11\/Gefangen.jpg?resize=584%2C440&#038;ssl=1\" alt=\"\" class=\"wp-image-6446\" srcset=\"https:\/\/i0.wp.com\/sven-teuber.info\/wordpress\/wp-content\/uploads\/2024\/11\/Gefangen-scaled.jpg?resize=1024%2C771&amp;ssl=1 1024w, https:\/\/i0.wp.com\/sven-teuber.info\/wordpress\/wp-content\/uploads\/2024\/11\/Gefangen-scaled.jpg?resize=300%2C226&amp;ssl=1 300w, https:\/\/i0.wp.com\/sven-teuber.info\/wordpress\/wp-content\/uploads\/2024\/11\/Gefangen-scaled.jpg?resize=768%2C578&amp;ssl=1 768w, https:\/\/i0.wp.com\/sven-teuber.info\/wordpress\/wp-content\/uploads\/2024\/11\/Gefangen-scaled.jpg?resize=1536%2C1157&amp;ssl=1 1536w, https:\/\/i0.wp.com\/sven-teuber.info\/wordpress\/wp-content\/uploads\/2024\/11\/Gefangen-scaled.jpg?resize=2048%2C1542&amp;ssl=1 2048w, https:\/\/i0.wp.com\/sven-teuber.info\/wordpress\/wp-content\/uploads\/2024\/11\/Gefangen-scaled.jpg?resize=398%2C300&amp;ssl=1 398w, https:\/\/i0.wp.com\/sven-teuber.info\/wordpress\/wp-content\/uploads\/2024\/11\/Gefangen-scaled.jpg?w=1168&amp;ssl=1 1168w, https:\/\/i0.wp.com\/sven-teuber.info\/wordpress\/wp-content\/uploads\/2024\/11\/Gefangen-scaled.jpg?w=1752&amp;ssl=1 1752w\" sizes=\"auto, (max-width: 584px) 100vw, 584px\" \/><\/figure>\n","protected":false},"excerpt":{"rendered":"","protected":false},"author":2,"featured_media":0,"comment_status":"open","ping_status":"open","sticky":false,"template":"","format":"standard","meta":{"_crdt_document":"","jetpack_post_was_ever_published":false,"_jetpack_newsletter_access":"","_jetpack_dont_email_post_to_subs":false,"_jetpack_newsletter_tier_id":0,"_jetpack_memberships_contains_paywalled_content":false,"_jetpack_memberships_contains_paid_content":false,"footnotes":"","jetpack_publicize_message":"","jetpack_publicize_feature_enabled":true,"jetpack_social_post_already_shared":true,"jetpack_social_options":{"image_generator_settings":{"template":"highway","default_image_id":0,"font":"","enabled":false},"version":2}},"categories":[1,3,2,502],"tags":[106,643,239,457],"class_list":["post-6445","post","type-post","status-publish","format-standard","hentry","category-allgemein","category-for-your-information","category-photographie","category-politik","tag-gesellschaft","tag-koeln","tag-photography","tag-politik"],"jetpack_publicize_connections":[],"jetpack_featured_media_url":"","jetpack_sharing_enabled":true,"jetpack_shortlink":"https:\/\/wp.me\/p3CWBT-1FX","jetpack-related-posts":[{"id":6292,"url":"https:\/\/sven-teuber.info\/wordpress\/titel-risse-im-beton-st-2024-sw-fotografie\/","url_meta":{"origin":6445,"position":0},"title":"Titel: Risse im Beton, ST 2024, SW-Fotografie","author":"steuber","date":"14. Juli 2024","format":false,"excerpt":"Titel: Risse im Beton, ST2024, SW-Fotografie","rel":"","context":"In &quot;Allgemein&quot;","block_context":{"text":"Allgemein","link":"https:\/\/sven-teuber.info\/wordpress\/category\/allgemein\/"},"img":{"alt_text":"","src":"https:\/\/i0.wp.com\/sven-teuber.info\/wordpress\/wp-content\/uploads\/2024\/07\/Risse-im-Beton-scaled.jpg?resize=350%2C200&ssl=1","width":350,"height":200,"srcset":"https:\/\/i0.wp.com\/sven-teuber.info\/wordpress\/wp-content\/uploads\/2024\/07\/Risse-im-Beton-scaled.jpg?resize=350%2C200&ssl=1 1x, https:\/\/i0.wp.com\/sven-teuber.info\/wordpress\/wp-content\/uploads\/2024\/07\/Risse-im-Beton-scaled.jpg?resize=525%2C300&ssl=1 1.5x, https:\/\/i0.wp.com\/sven-teuber.info\/wordpress\/wp-content\/uploads\/2024\/07\/Risse-im-Beton-scaled.jpg?resize=700%2C400&ssl=1 2x, https:\/\/i0.wp.com\/sven-teuber.info\/wordpress\/wp-content\/uploads\/2024\/07\/Risse-im-Beton-scaled.jpg?resize=1050%2C600&ssl=1 3x, https:\/\/i0.wp.com\/sven-teuber.info\/wordpress\/wp-content\/uploads\/2024\/07\/Risse-im-Beton-scaled.jpg?resize=1400%2C800&ssl=1 4x"},"classes":[]},{"id":6253,"url":"https:\/\/sven-teuber.info\/wordpress\/titel-gruen-guertel-koeln-suelz\/","url_meta":{"origin":6445,"position":1},"title":"Titel: Gr\u00fcn-G\u00fcrtel K\u00f6ln S\u00fclz","author":"steuber","date":"13. Juni 2024","format":false,"excerpt":"","rel":"","context":"In &quot;Allgemein&quot;","block_context":{"text":"Allgemein","link":"https:\/\/sven-teuber.info\/wordpress\/category\/allgemein\/"},"img":{"alt_text":"","src":"https:\/\/i0.wp.com\/sven-teuber.info\/wordpress\/wp-content\/uploads\/2024\/06\/C2AB45B2-1063-4595-9DC6-ADEC392B73F5.png?resize=350%2C200&ssl=1","width":350,"height":200,"srcset":"https:\/\/i0.wp.com\/sven-teuber.info\/wordpress\/wp-content\/uploads\/2024\/06\/C2AB45B2-1063-4595-9DC6-ADEC392B73F5.png?resize=350%2C200&ssl=1 1x, https:\/\/i0.wp.com\/sven-teuber.info\/wordpress\/wp-content\/uploads\/2024\/06\/C2AB45B2-1063-4595-9DC6-ADEC392B73F5.png?resize=525%2C300&ssl=1 1.5x, https:\/\/i0.wp.com\/sven-teuber.info\/wordpress\/wp-content\/uploads\/2024\/06\/C2AB45B2-1063-4595-9DC6-ADEC392B73F5.png?resize=700%2C400&ssl=1 2x"},"classes":[]},{"id":6071,"url":"https:\/\/sven-teuber.info\/wordpress\/des-kaisers-neue-kleider\/","url_meta":{"origin":6445,"position":2},"title":"Des Kaisers neue Kleider","author":"steuber","date":"12. M\u00e4rz 2024","format":false,"excerpt":"Titel: Des Kaisers neue Kleider, ST 2024, Berlin","rel":"","context":"In &quot;Allgemein&quot;","block_context":{"text":"Allgemein","link":"https:\/\/sven-teuber.info\/wordpress\/category\/allgemein\/"},"img":{"alt_text":"","src":"https:\/\/i0.wp.com\/sven-teuber.info\/wordpress\/wp-content\/uploads\/2024\/03\/10000134977623386903257651424.jpg?resize=350%2C200&ssl=1","width":350,"height":200,"srcset":"https:\/\/i0.wp.com\/sven-teuber.info\/wordpress\/wp-content\/uploads\/2024\/03\/10000134977623386903257651424.jpg?resize=350%2C200&ssl=1 1x, https:\/\/i0.wp.com\/sven-teuber.info\/wordpress\/wp-content\/uploads\/2024\/03\/10000134977623386903257651424.jpg?resize=525%2C300&ssl=1 1.5x, https:\/\/i0.wp.com\/sven-teuber.info\/wordpress\/wp-content\/uploads\/2024\/03\/10000134977623386903257651424.jpg?resize=700%2C400&ssl=1 2x, https:\/\/i0.wp.com\/sven-teuber.info\/wordpress\/wp-content\/uploads\/2024\/03\/10000134977623386903257651424.jpg?resize=1050%2C600&ssl=1 3x, https:\/\/i0.wp.com\/sven-teuber.info\/wordpress\/wp-content\/uploads\/2024\/03\/10000134977623386903257651424.jpg?resize=1400%2C800&ssl=1 4x"},"classes":[]},{"id":6287,"url":"https:\/\/sven-teuber.info\/wordpress\/titel-euphorie-st-2024-sw-fotografie\/","url_meta":{"origin":6445,"position":3},"title":"Titel: Euphorie, ST 2024, SW-Fotografie","author":"steuber","date":"13. Juli 2024","format":false,"excerpt":"Titel: Euphorie, ST 2024, SW-Fotografie","rel":"","context":"In &quot;Allgemein&quot;","block_context":{"text":"Allgemein","link":"https:\/\/sven-teuber.info\/wordpress\/category\/allgemein\/"},"img":{"alt_text":"","src":"https:\/\/i0.wp.com\/sven-teuber.info\/wordpress\/wp-content\/uploads\/2024\/07\/Euphorie-scaled.jpg?resize=350%2C200&ssl=1","width":350,"height":200,"srcset":"https:\/\/i0.wp.com\/sven-teuber.info\/wordpress\/wp-content\/uploads\/2024\/07\/Euphorie-scaled.jpg?resize=350%2C200&ssl=1 1x, https:\/\/i0.wp.com\/sven-teuber.info\/wordpress\/wp-content\/uploads\/2024\/07\/Euphorie-scaled.jpg?resize=525%2C300&ssl=1 1.5x, https:\/\/i0.wp.com\/sven-teuber.info\/wordpress\/wp-content\/uploads\/2024\/07\/Euphorie-scaled.jpg?resize=700%2C400&ssl=1 2x, https:\/\/i0.wp.com\/sven-teuber.info\/wordpress\/wp-content\/uploads\/2024\/07\/Euphorie-scaled.jpg?resize=1050%2C600&ssl=1 3x, https:\/\/i0.wp.com\/sven-teuber.info\/wordpress\/wp-content\/uploads\/2024\/07\/Euphorie-scaled.jpg?resize=1400%2C800&ssl=1 4x"},"classes":[]},{"id":6689,"url":"https:\/\/sven-teuber.info\/wordpress\/titel-die-letzte-botschaft-hunderte-stimmen-auf-schwarzem-grund\/","url_meta":{"origin":6445,"position":4},"title":"Titel: Die letzte Botschaft: Hunderte Stimmen auf schwarzem Grund","author":"steuber","date":"12. September 2025","format":false,"excerpt":"Ich nehme das Echo hundertfacher Gedanken auf, banne es in eine Photographie und schaffe so aus verg\u00e4nglicher Spur ein letztes, bleibendes Zeugnis. Es ist eine massive schwarze Tafel, die mit den wei\u00dfen malerischen Hinterlassenschaften Hunderter Menschen \u00fcbers\u00e4t ist. Jedes Symbol, jedes Wort und jedes abstrakte Zeichen ist eine individuelle Geschichte,\u2026","rel":"","context":"In &quot;Allgemein&quot;","block_context":{"text":"Allgemein","link":"https:\/\/sven-teuber.info\/wordpress\/category\/allgemein\/"},"img":{"alt_text":"","src":"https:\/\/i0.wp.com\/sven-teuber.info\/wordpress\/wp-content\/uploads\/2025\/09\/IMG-20250911-WA0000.jpg?resize=350%2C200&ssl=1","width":350,"height":200,"srcset":"https:\/\/i0.wp.com\/sven-teuber.info\/wordpress\/wp-content\/uploads\/2025\/09\/IMG-20250911-WA0000.jpg?resize=350%2C200&ssl=1 1x, https:\/\/i0.wp.com\/sven-teuber.info\/wordpress\/wp-content\/uploads\/2025\/09\/IMG-20250911-WA0000.jpg?resize=525%2C300&ssl=1 1.5x, https:\/\/i0.wp.com\/sven-teuber.info\/wordpress\/wp-content\/uploads\/2025\/09\/IMG-20250911-WA0000.jpg?resize=700%2C400&ssl=1 2x, https:\/\/i0.wp.com\/sven-teuber.info\/wordpress\/wp-content\/uploads\/2025\/09\/IMG-20250911-WA0000.jpg?resize=1050%2C600&ssl=1 3x"},"classes":[]},{"id":6737,"url":"https:\/\/sven-teuber.info\/wordpress\/koeln-ehrenfeld-street-art-2025\/","url_meta":{"origin":6445,"position":5},"title":"K\u00f6ln Ehrenfeld Street Art, 2025","author":"steuber","date":"1. Oktober 2025","format":false,"excerpt":"Street Art trifft Urbanit\u00e4t Ehrenfeld ist mehr als ein Stadtteil \u2013 es f\u00fchlt sich an wie ein lebendiges Zentrum f\u00fcr Kunst und Kultur. In den letzten Jahrzehnten hat sich hier eine der spannendsten Street-Art-Szenen Deutschlands entwickelt. Bunte Fassaden, auff\u00e4llige Wandmotive und eine Mischung aus Tradition und Moderne ziehen K\u00fcnstlerinnen, K\u00fcnstler\u2026","rel":"","context":"In &quot;Allgemein&quot;","block_context":{"text":"Allgemein","link":"https:\/\/sven-teuber.info\/wordpress\/category\/allgemein\/"},"img":{"alt_text":"","src":"https:\/\/i0.wp.com\/sven-teuber.info\/wordpress\/wp-content\/uploads\/2025\/10\/MG_4146.jpg?resize=350%2C200","width":350,"height":200,"srcset":"https:\/\/i0.wp.com\/sven-teuber.info\/wordpress\/wp-content\/uploads\/2025\/10\/MG_4146.jpg?resize=350%2C200 1x, https:\/\/i0.wp.com\/sven-teuber.info\/wordpress\/wp-content\/uploads\/2025\/10\/MG_4146.jpg?resize=525%2C300 1.5x, https:\/\/i0.wp.com\/sven-teuber.info\/wordpress\/wp-content\/uploads\/2025\/10\/MG_4146.jpg?resize=700%2C400 2x, https:\/\/i0.wp.com\/sven-teuber.info\/wordpress\/wp-content\/uploads\/2025\/10\/MG_4146.jpg?resize=1050%2C600 3x, https:\/\/i0.wp.com\/sven-teuber.info\/wordpress\/wp-content\/uploads\/2025\/10\/MG_4146.jpg?resize=1400%2C800 4x"},"classes":[]}],"jetpack_likes_enabled":true,"_links":{"self":[{"href":"https:\/\/sven-teuber.info\/wordpress\/wp-json\/wp\/v2\/posts\/6445","targetHints":{"allow":["GET"]}}],"collection":[{"href":"https:\/\/sven-teuber.info\/wordpress\/wp-json\/wp\/v2\/posts"}],"about":[{"href":"https:\/\/sven-teuber.info\/wordpress\/wp-json\/wp\/v2\/types\/post"}],"author":[{"embeddable":true,"href":"https:\/\/sven-teuber.info\/wordpress\/wp-json\/wp\/v2\/users\/2"}],"replies":[{"embeddable":true,"href":"https:\/\/sven-teuber.info\/wordpress\/wp-json\/wp\/v2\/comments?post=6445"}],"version-history":[{"count":1,"href":"https:\/\/sven-teuber.info\/wordpress\/wp-json\/wp\/v2\/posts\/6445\/revisions"}],"predecessor-version":[{"id":6447,"href":"https:\/\/sven-teuber.info\/wordpress\/wp-json\/wp\/v2\/posts\/6445\/revisions\/6447"}],"wp:attachment":[{"href":"https:\/\/sven-teuber.info\/wordpress\/wp-json\/wp\/v2\/media?parent=6445"}],"wp:term":[{"taxonomy":"category","embeddable":true,"href":"https:\/\/sven-teuber.info\/wordpress\/wp-json\/wp\/v2\/categories?post=6445"},{"taxonomy":"post_tag","embeddable":true,"href":"https:\/\/sven-teuber.info\/wordpress\/wp-json\/wp\/v2\/tags?post=6445"}],"curies":[{"name":"wp","href":"https:\/\/api.w.org\/{rel}","templated":true}]}}