{"id":6468,"date":"2025-02-12T17:18:40","date_gmt":"2025-02-12T15:18:40","guid":{"rendered":"https:\/\/sven-teuber.info\/wordpress\/die-rueckkehr-der-werte\/"},"modified":"2025-02-12T17:18:40","modified_gmt":"2025-02-12T15:18:40","slug":"die-rueckkehr-der-werte","status":"publish","type":"post","link":"https:\/\/sven-teuber.info\/wordpress\/die-rueckkehr-der-werte\/","title":{"rendered":"Die R\u00fcckkehr der Werte"},"content":{"rendered":"\n<p class=\"wp-block-paragraph\"><br \/>Im Jahr 2027 hatte sich die Welt ver\u00e4ndert. Europa war von wirtschaftlichen Unsicherheiten und politischen Spannungen gepr\u00e4gt, und die Erinnerungen an die Bundestagswahl 2025 waren noch frisch in den K\u00f6pfen der Menschen. In einem kleinen Dorf am Rande Deutschlands lebte Anna, eine junge Journalistin, die sich der Aufgabe verschrieben hatte, die Wahrheit hinter den Geschehnissen der letzten Jahre aufzudecken.<br \/><br \/>Anna war bekannt f\u00fcr ihre Hartn\u00e4ckigkeit und ihren unersch\u00fctterlichen Glauben an die Bedeutung von Gemeinschaft und Verantwortung. Sie hatte die Wahl 2025 genau verfolgt und war tief besorgt \u00fcber die hedonistische Kultur, die sich in der Gesellschaft breitgemacht hatte. Der exzessive Konsum und die Betonung auf unmittelbare Befriedigung hatten zu einer kulturellen Stagnation und einem Mangel an tiefgehenden Diskussionen \u00fcber die Zukunft des Landes gef\u00fchrt.<br \/><br \/>Eines Tages beschloss Anna, ihre Gedanken und Beobachtungen in einem Artikel festzuhalten. Sie wollte der Welt zeigen, wie die hedonistische Kultur die politische Landschaft beeinflusst hatte und welche Lehren daraus gezogen werden konnten.<br \/><br \/>W\u00e4hrend sie an ihrem Artikel arbeitete, erinnerte sie sich an die Reden und Versprechen der Politiker von 2025. <\/p>\n\n\n\n<!--more-->\n\n\n\n<p class=\"wp-block-paragraph\">Viele von ihnen hatten auf populistische Botschaften gesetzt, die auf Emotionen und einfache L\u00f6sungen abzielten. Bildung und langfristige Ziele waren in den Hintergrund ger\u00fcckt, und die W\u00e4hler waren oft desillusioniert.<br \/><br \/>Ein weiteres bedeutendes Problem, das die Wahl 2025 pr\u00e4gte, war die Deindustrialization, Wirtschaftliche Probleme, Trump und die illegale Zuwanderung. Die unkontrollierte Einreise von Migranten hatte zu Spannungen in der Gesellschaft und den Sozialsystemen gef\u00fchrt. Es gab Debatten \u00fcber die Sicherheit, die Integration und die wirtschaftlichen Auswirkungen dieser Entwicklung. Anna beschrieb, wie diese Problematik von Politikern f\u00fcr ihre Zwecke instrumentalisiert wurde, um W\u00e4hlerstimmen zu gewinnen, anstatt konstruktive L\u00f6sungen zu suchen.<br \/><br \/>Neben der illegalen Zuwanderung wurde auch der Islamismus zu einem zentralen Thema in den politischen Diskussionen. Radikalisierung und Extremismus hatten zugenommen, und es gab eine wachsende Angst vor Terroranschl\u00e4gen. Anna erinnerte sich daran, wie die Politiker in ihren Reden sowohl Sicherheit als auch Freiheit versprachen, ohne konkrete Pl\u00e4ne zur Bek\u00e4mpfung der Ursachen des Extremismus vorzulegen.<br \/><br \/>Anna beschrieb, wie die soziale Ungleichheit in den letzten Jahren zugenommen hatte. Die Reichen wurden reicher, w\u00e4hrend die Armen weiter zur\u00fcckblieben. Diese Ungleichheit f\u00fchrte zu einer Spaltung der Gesellschaft, die politische Kompromisse und gemeinsame L\u00f6sungen erschwerte. Auch die Umwelt hatte gelitten. Die hedonistische Kultur hatte zu einer \u00dcbernutzung der nat\u00fcrlichen Ressourcen gef\u00fchrt, und die Regierung hatte es vers\u00e4umt, nachhaltige Ma\u00dfnahmen zum Schutz der Umwelt zu ergreifen.<br \/><br \/>Trotz all dieser Herausforderungen gab es jedoch Hoffnung. Anna erz\u00e4hlte von den Menschen, die sich gegen die hedonistische Kultur auflehnten und sich f\u00fcr eine gerechtere, nachhaltigere und verantwortungsvollere Gesellschaft einsetzten. Diese Bewegung hatte in den letzten Jahren an St\u00e4rke gewonnen und zeigte, dass es m\u00f6glich war, die negativen Auswirkungen der hedonistischen Kultur zu \u00fcberwinden. Auch hinsichtlich der illegalen Zuwanderung und des Islamismus gab es Initiativen, die auf Integration, Bildung und Pr\u00e4vention setzten, um eine friedlichere und stabilere Gesellschaft zu schaffen.<br \/><br \/>Im Jahr 2027 standen neue Wahlen bevor, und Anna hoffte, dass die Lehren aus der Vergangenheit ber\u00fccksichtigt w\u00fcrden. Sie beendete ihren Artikel mit einem Appell an die W\u00e4hler, sich ihrer Verantwortung bewusst zu werden und f\u00fcr eine Zukunft zu stimmen, die auf gemeinsamen Werten und langfristigen Zielen basierte.<\/p>\n","protected":false},"excerpt":{"rendered":"<p>Im Jahr 2027 hatte sich die Welt ver\u00e4ndert. Europa war von wirtschaftlichen Unsicherheiten und politischen Spannungen gepr\u00e4gt, und die Erinnerungen an die Bundestagswahl 2025 waren noch frisch in den K\u00f6pfen der Menschen. In einem kleinen Dorf am Rande Deutschlands lebte &hellip; <a href=\"https:\/\/sven-teuber.info\/wordpress\/die-rueckkehr-der-werte\/\">Weiterlesen <span class=\"meta-nav\">&rarr;<\/span><\/a><\/p>\n","protected":false},"author":2,"featured_media":0,"comment_status":"open","ping_status":"open","sticky":false,"template":"","format":"standard","meta":{"_crdt_document":"","jetpack_post_was_ever_published":false,"_jetpack_newsletter_access":"","_jetpack_dont_email_post_to_subs":false,"_jetpack_newsletter_tier_id":0,"_jetpack_memberships_contains_paywalled_content":false,"_jetpack_memberships_contains_paid_content":false,"footnotes":"","jetpack_publicize_message":"","jetpack_publicize_feature_enabled":true,"jetpack_social_post_already_shared":true,"jetpack_social_options":{"image_generator_settings":{"template":"highway","default_image_id":0,"font":"","enabled":false},"version":2}},"categories":[1,3,502],"tags":[364,457,900],"class_list":["post-6468","post","type-post","status-publish","format-standard","hentry","category-allgemein","category-for-your-information","category-politik","tag-berlin","tag-politik","tag-wahlen-2025"],"jetpack_publicize_connections":[],"jetpack_featured_media_url":"","jetpack_sharing_enabled":true,"jetpack_shortlink":"https:\/\/wp.me\/p3CWBT-1Gk","jetpack-related-posts":[{"id":6483,"url":"https:\/\/sven-teuber.info\/wordpress\/die-politische-alchemie-der-unregierbarkeit-deutschlands-wahl-2025\/","url_meta":{"origin":6468,"position":0},"title":"Die politische Alchemie der Unregierbarkeit: Deutschlands Wahl 2025","author":"steuber","date":"24. Februar 2025","format":false,"excerpt":"In der politischen Landschaft Deutschlands manifestiert sich im Februar 2025 ein Ph\u00e4nomen, das als symptomatische Offenbarung der modernen Demokratie betrachtet werden kann. Die Bundestagswahl, traditionell ein Ritual der kollektiven Selbstvergewisserung, degeneriert zu einem Spektakel der Fragmentierung und des zynischen Bewusstseins. Die Christlich Demokratische Union (CDU), unter der \u00c4gide von Friedrich\u2026","rel":"","context":"In &quot;Allgemein&quot;","block_context":{"text":"Allgemein","link":"https:\/\/sven-teuber.info\/wordpress\/category\/allgemein\/"},"img":{"alt_text":"","src":"https:\/\/i0.wp.com\/sven-teuber.info\/wordpress\/wp-content\/uploads\/2023\/10\/Terror.png?resize=350%2C200&ssl=1","width":350,"height":200,"srcset":"https:\/\/i0.wp.com\/sven-teuber.info\/wordpress\/wp-content\/uploads\/2023\/10\/Terror.png?resize=350%2C200&ssl=1 1x, https:\/\/i0.wp.com\/sven-teuber.info\/wordpress\/wp-content\/uploads\/2023\/10\/Terror.png?resize=525%2C300&ssl=1 1.5x, https:\/\/i0.wp.com\/sven-teuber.info\/wordpress\/wp-content\/uploads\/2023\/10\/Terror.png?resize=700%2C400&ssl=1 2x"},"classes":[]},{"id":6543,"url":"https:\/\/sven-teuber.info\/wordpress\/normandie-2025-sw-photographie\/","url_meta":{"origin":6468,"position":1},"title":"Normandie 2025, SW-Photographie","author":"steuber","date":"8. Juni 2025","format":false,"excerpt":"Der Wahnsinn des Krieges \u2013 Ein Monument aus Blut und Sand Einige Bilder zeigen die Erinnerungs-\u00dcberreste des D-DAY in der Normandie, einst Schauplatz der H\u00f6lle auf Erden. Am 6. Juni 1944, verwandelte sich dieser ruhige K\u00fcstenstreifen in ein wahrhaftiges Schlachtfeld. Tausende junger M\u00e4nner wateten durch das eiskalte Wasser, w\u00e4hrend Maschinengewehrfeuer\u2026","rel":"","context":"In &quot;Allgemein&quot;","block_context":{"text":"Allgemein","link":"https:\/\/sven-teuber.info\/wordpress\/category\/allgemein\/"},"img":{"alt_text":"","src":"https:\/\/i0.wp.com\/sven-teuber.info\/wordpress\/wp-content\/uploads\/2025\/06\/Normandie-01.jpg?resize=350%2C200","width":350,"height":200,"srcset":"https:\/\/i0.wp.com\/sven-teuber.info\/wordpress\/wp-content\/uploads\/2025\/06\/Normandie-01.jpg?resize=350%2C200 1x, https:\/\/i0.wp.com\/sven-teuber.info\/wordpress\/wp-content\/uploads\/2025\/06\/Normandie-01.jpg?resize=525%2C300 1.5x, https:\/\/i0.wp.com\/sven-teuber.info\/wordpress\/wp-content\/uploads\/2025\/06\/Normandie-01.jpg?resize=700%2C400 2x, https:\/\/i0.wp.com\/sven-teuber.info\/wordpress\/wp-content\/uploads\/2025\/06\/Normandie-01.jpg?resize=1050%2C600 3x"},"classes":[]},{"id":6677,"url":"https:\/\/sven-teuber.info\/wordpress\/freiheit-der-vernunft-vs-ideologischer-zwang-eine-misessche-analyse-aktueller-politischer-dynamiken\/","url_meta":{"origin":6468,"position":2},"title":"Freiheit der Vernunft vs. Ideologischer Zwang: Eine Mises&#8217;sche Analyse aktueller politischer Dynamiken","author":"steuber","date":"8. September 2025","format":false,"excerpt":"Einleitung: Die Theorie des ideologischen Zwangs Ludwig von Mises, einer der bedeutendsten Vertreter des Liberalismus, stellt in seiner sozialtheoretischen Analyse eine fundamentale These auf: Herrschaftssysteme, die sich auf dogmatische und nicht hinterfragbare ideologische Pr\u00e4missen st\u00fctzen, befinden sich in einem strukturellen Konflikt mit der freien Vernunft des Einzelnen. Sein zentrales Argument\u2026","rel":"","context":"In &quot;Allgemein&quot;","block_context":{"text":"Allgemein","link":"https:\/\/sven-teuber.info\/wordpress\/category\/allgemein\/"},"img":{"alt_text":"","src":"","width":0,"height":0},"classes":[]},{"id":6780,"url":"https:\/\/sven-teuber.info\/wordpress\/titel-weltenschmerz-st-2025\/","url_meta":{"origin":6468,"position":3},"title":"Titel: Weltenschmerz, ST, 2025","author":"steuber","date":"22. Oktober 2025","format":false,"excerpt":"","rel":"","context":"In &quot;Allgemein&quot;","block_context":{"text":"Allgemein","link":"https:\/\/sven-teuber.info\/wordpress\/category\/allgemein\/"},"img":{"alt_text":"","src":"https:\/\/i0.wp.com\/sven-teuber.info\/wordpress\/wp-content\/uploads\/2025\/10\/Welt.jpg?resize=350%2C200&ssl=1","width":350,"height":200,"srcset":"https:\/\/i0.wp.com\/sven-teuber.info\/wordpress\/wp-content\/uploads\/2025\/10\/Welt.jpg?resize=350%2C200&ssl=1 1x, https:\/\/i0.wp.com\/sven-teuber.info\/wordpress\/wp-content\/uploads\/2025\/10\/Welt.jpg?resize=525%2C300&ssl=1 1.5x, https:\/\/i0.wp.com\/sven-teuber.info\/wordpress\/wp-content\/uploads\/2025\/10\/Welt.jpg?resize=700%2C400&ssl=1 2x"},"classes":[]},{"id":6763,"url":"https:\/\/sven-teuber.info\/wordpress\/titel-kognitive-dekonstruktion-st-2025\/","url_meta":{"origin":6468,"position":4},"title":"Titel: Kognitive Dekonstruktion, ST, 2025","author":"steuber","date":"19. Oktober 2025","format":false,"excerpt":"","rel":"","context":"In &quot;Allgemein&quot;","block_context":{"text":"Allgemein","link":"https:\/\/sven-teuber.info\/wordpress\/category\/allgemein\/"},"img":{"alt_text":"","src":"https:\/\/i0.wp.com\/sven-teuber.info\/wordpress\/wp-content\/uploads\/2025\/10\/Screenshot_20251019-000141.png?resize=350%2C200&ssl=1","width":350,"height":200,"srcset":"https:\/\/i0.wp.com\/sven-teuber.info\/wordpress\/wp-content\/uploads\/2025\/10\/Screenshot_20251019-000141.png?resize=350%2C200&ssl=1 1x, https:\/\/i0.wp.com\/sven-teuber.info\/wordpress\/wp-content\/uploads\/2025\/10\/Screenshot_20251019-000141.png?resize=525%2C300&ssl=1 1.5x, https:\/\/i0.wp.com\/sven-teuber.info\/wordpress\/wp-content\/uploads\/2025\/10\/Screenshot_20251019-000141.png?resize=700%2C400&ssl=1 2x, https:\/\/i0.wp.com\/sven-teuber.info\/wordpress\/wp-content\/uploads\/2025\/10\/Screenshot_20251019-000141.png?resize=1050%2C600&ssl=1 3x"},"classes":[]},{"id":6766,"url":"https:\/\/sven-teuber.info\/wordpress\/titel-kuesse-mich-ich-bin-ein-frosch-st-2025\/","url_meta":{"origin":6468,"position":5},"title":"Titel: K\u00fcsse mich, ich bin ein Frosch, ST, 2025","author":"steuber","date":"19. Oktober 2025","format":false,"excerpt":"","rel":"","context":"In &quot;Allgemein&quot;","block_context":{"text":"Allgemein","link":"https:\/\/sven-teuber.info\/wordpress\/category\/allgemein\/"},"img":{"alt_text":"","src":"https:\/\/i0.wp.com\/sven-teuber.info\/wordpress\/wp-content\/uploads\/2025\/10\/Screenshot_20251019-002509.png?resize=350%2C200&ssl=1","width":350,"height":200,"srcset":"https:\/\/i0.wp.com\/sven-teuber.info\/wordpress\/wp-content\/uploads\/2025\/10\/Screenshot_20251019-002509.png?resize=350%2C200&ssl=1 1x, https:\/\/i0.wp.com\/sven-teuber.info\/wordpress\/wp-content\/uploads\/2025\/10\/Screenshot_20251019-002509.png?resize=525%2C300&ssl=1 1.5x, https:\/\/i0.wp.com\/sven-teuber.info\/wordpress\/wp-content\/uploads\/2025\/10\/Screenshot_20251019-002509.png?resize=700%2C400&ssl=1 2x, https:\/\/i0.wp.com\/sven-teuber.info\/wordpress\/wp-content\/uploads\/2025\/10\/Screenshot_20251019-002509.png?resize=1050%2C600&ssl=1 3x"},"classes":[]}],"jetpack_likes_enabled":true,"_links":{"self":[{"href":"https:\/\/sven-teuber.info\/wordpress\/wp-json\/wp\/v2\/posts\/6468","targetHints":{"allow":["GET"]}}],"collection":[{"href":"https:\/\/sven-teuber.info\/wordpress\/wp-json\/wp\/v2\/posts"}],"about":[{"href":"https:\/\/sven-teuber.info\/wordpress\/wp-json\/wp\/v2\/types\/post"}],"author":[{"embeddable":true,"href":"https:\/\/sven-teuber.info\/wordpress\/wp-json\/wp\/v2\/users\/2"}],"replies":[{"embeddable":true,"href":"https:\/\/sven-teuber.info\/wordpress\/wp-json\/wp\/v2\/comments?post=6468"}],"version-history":[{"count":0,"href":"https:\/\/sven-teuber.info\/wordpress\/wp-json\/wp\/v2\/posts\/6468\/revisions"}],"wp:attachment":[{"href":"https:\/\/sven-teuber.info\/wordpress\/wp-json\/wp\/v2\/media?parent=6468"}],"wp:term":[{"taxonomy":"category","embeddable":true,"href":"https:\/\/sven-teuber.info\/wordpress\/wp-json\/wp\/v2\/categories?post=6468"},{"taxonomy":"post_tag","embeddable":true,"href":"https:\/\/sven-teuber.info\/wordpress\/wp-json\/wp\/v2\/tags?post=6468"}],"curies":[{"name":"wp","href":"https:\/\/api.w.org\/{rel}","templated":true}]}}