{"id":66,"date":"2013-02-25T09:15:57","date_gmt":"2013-02-25T08:15:57","guid":{"rendered":"http:\/\/sven-teuber.info\/wordpress\/?p=66"},"modified":"2013-02-25T09:15:57","modified_gmt":"2013-02-25T08:15:57","slug":"blog-display-problems-solution","status":"publish","type":"post","link":"https:\/\/sven-teuber.info\/wordpress\/blog-display-problems-solution\/","title":{"rendered":"Blog display problems, solution!"},"content":{"rendered":"<p>If you have some viewing problems with the Blog, please us following link:<a title=\"BLOG\" href=\"https:\/\/sven-teuber.info\/wordpress\" target=\"_blank\">www.sven-teuber.info\/wordpress<\/a><\/p>\n","protected":false},"excerpt":{"rendered":"<p>If you have some viewing problems with the Blog, please us following link:www.sven-teuber.info\/wordpress<\/p>\n","protected":false},"author":2,"featured_media":0,"comment_status":"open","ping_status":"closed","sticky":false,"template":"","format":"aside","meta":{"_crdt_document":"","jetpack_post_was_ever_published":false,"_jetpack_newsletter_access":"","_jetpack_dont_email_post_to_subs":false,"_jetpack_newsletter_tier_id":0,"_jetpack_memberships_contains_paywalled_content":false,"_jetpack_memberships_contains_paid_content":false,"footnotes":"","jetpack_publicize_message":"","jetpack_publicize_feature_enabled":true,"jetpack_social_post_already_shared":false,"jetpack_social_options":{"image_generator_settings":{"template":"highway","default_image_id":0,"font":"","enabled":false},"version":2}},"categories":[3],"tags":[],"class_list":["post-66","post","type-post","status-publish","format-aside","hentry","category-for-your-information","post_format-post-format-aside"],"jetpack_publicize_connections":[],"jetpack_featured_media_url":"","jetpack_sharing_enabled":true,"jetpack_shortlink":"https:\/\/wp.me\/p3CWBT-14","jetpack-related-posts":[{"id":248,"url":"https:\/\/sven-teuber.info\/wordpress\/announcement-of-a-new-photography-project-brussels-and-brugge-july\/","url_meta":{"origin":66,"position":0},"title":"Announcement of a new photography project:: Brussels and Br\u00fcgge (July)","author":"steuber","date":"1. Juli 2013","format":"aside","excerpt":"Ich freue mich schon auf Br\u00fcssel und Br\u00fcgge. Ich hoffe das Wetter spielt mit und ich kann ein paar gute Street-Fotos machen. Das Wetter ist hoffentlich gut, gen\u00fcgend Sonne f\u00fcr ein sch\u00f6nes Licht. In den kommenden drei Wochen, wird es daher keine neuen Bilder im Blog geben. I'll go\u00a0to Brussel\u2026","rel":"","context":"In &quot;Allgemein&quot;","block_context":{"text":"Allgemein","link":"https:\/\/sven-teuber.info\/wordpress\/category\/allgemein\/"},"img":{"alt_text":"","src":"","width":0,"height":0},"classes":[]},{"id":3362,"url":"https:\/\/sven-teuber.info\/wordpress\/die-kunst-ist-tot-es-lebe-dada\/","url_meta":{"origin":66,"position":1},"title":"Die Kunst ist tot, es lebe Dada!","author":"steuber","date":"30. Januar 2016","format":"video","excerpt":"","rel":"","context":"In &quot;Allgemein&quot;","block_context":{"text":"Allgemein","link":"https:\/\/sven-teuber.info\/wordpress\/category\/allgemein\/"},"img":{"alt_text":"100_Dada_klein","src":"https:\/\/i0.wp.com\/sven-teuber.info\/wordpress\/wp-content\/uploads\/2016\/01\/100_Dada_klein.jpg?resize=350%2C200","width":350,"height":200,"srcset":"https:\/\/i0.wp.com\/sven-teuber.info\/wordpress\/wp-content\/uploads\/2016\/01\/100_Dada_klein.jpg?resize=350%2C200 1x, https:\/\/i0.wp.com\/sven-teuber.info\/wordpress\/wp-content\/uploads\/2016\/01\/100_Dada_klein.jpg?resize=525%2C300 1.5x"},"classes":[]},{"id":5593,"url":"https:\/\/sven-teuber.info\/wordpress\/kunst-mit-kunst-verbinden\/","url_meta":{"origin":66,"position":2},"title":"KUNST MIT KUNST VERBINDEN","author":"steuber","date":"9. Februar 2022","format":false,"excerpt":"https:\/\/www.crossartlive.de\/blog\/2022\/02\/09\/kunst-mit-kunst-verbinden-crossart-macht-schule-vernissage-einfach-kunst\/","rel":"","context":"In &quot;Allgemein&quot;","block_context":{"text":"Allgemein","link":"https:\/\/sven-teuber.info\/wordpress\/category\/allgemein\/"},"img":{"alt_text":"","src":"","width":0,"height":0},"classes":[]},{"id":1926,"url":"https:\/\/sven-teuber.info\/wordpress\/setup-speedlite\/","url_meta":{"origin":66,"position":3},"title":"Setup Speedlite","author":"steuber","date":"10. November 2013","format":false,"excerpt":"Wenn Sie sich mit dem Thema Fotografie besch\u00e4ftigen, irgendwann einmal kommen Sie auf das Thema Studioblitze.\u00a0 Es gibt sicherlich viele M\u00f6glichkeiten sein Studio auszustatten. Mit Mobilen- Blitzger\u00e4ten, Generatoren. Auch Sets die alles was man so braucht f\u00fcr den Anfang beinhalten. Leider keine L\u00f6sung f\u00fcr mich, da ich noch ein paar\u2026","rel":"","context":"In &quot;In practice&quot;","block_context":{"text":"In practice","link":"https:\/\/sven-teuber.info\/wordpress\/category\/in-practice\/"},"img":{"alt_text":"DSCF2918","src":"https:\/\/i0.wp.com\/sven-teuber.info\/wordpress\/wp-content\/uploads\/2013\/11\/DSCF2918.jpg?resize=350%2C200","width":350,"height":200},"classes":[]},{"id":94,"url":"https:\/\/sven-teuber.info\/wordpress\/survey-of-my-web-site\/","url_meta":{"origin":66,"position":4},"title":"Survey of my web site","author":"steuber","date":"5. M\u00e4rz 2013","format":false,"excerpt":"Who is available to help me? Which\u00a0Pictures or Art did you like lately on my sven-teuber.info website? But what interests you most of all? Write us what you think, post your blog and Please leave your questions, hints and comments here. Your help is greatly appreciated.","rel":"","context":"In &quot;Allgemein&quot;","block_context":{"text":"Allgemein","link":"https:\/\/sven-teuber.info\/wordpress\/category\/allgemein\/"},"img":{"alt_text":"","src":"","width":0,"height":0},"classes":[]},{"id":5592,"url":"https:\/\/sven-teuber.info\/wordpress\/kunst-macht-schule\/","url_meta":{"origin":66,"position":5},"title":"KUNST MACHT SCHULE!","author":"steuber","date":"6. Februar 2022","format":false,"excerpt":"crossart international im Foyer der VHS in Bergisch Gladbach Die Vorbereitungen laufen auf Hochtouren. Am Montag, 07.02.2022 ist es soweit \u2013 da startet die Ausstellung \u201eEinfach Kunst\u201c im Foyer der VHS in Bergisch Gladbach um 19.00 Uhr mit Live-Musik von Rafael Stolarski. 12 K\u00fcnstlerInnen: Nina Marxen, Anne Palitza, Adi Topo,\u2026","rel":"","context":"In &quot;Allgemein&quot;","block_context":{"text":"Allgemein","link":"https:\/\/sven-teuber.info\/wordpress\/category\/allgemein\/"},"img":{"alt_text":"","src":"","width":0,"height":0},"classes":[]}],"jetpack_likes_enabled":true,"_links":{"self":[{"href":"https:\/\/sven-teuber.info\/wordpress\/wp-json\/wp\/v2\/posts\/66","targetHints":{"allow":["GET"]}}],"collection":[{"href":"https:\/\/sven-teuber.info\/wordpress\/wp-json\/wp\/v2\/posts"}],"about":[{"href":"https:\/\/sven-teuber.info\/wordpress\/wp-json\/wp\/v2\/types\/post"}],"author":[{"embeddable":true,"href":"https:\/\/sven-teuber.info\/wordpress\/wp-json\/wp\/v2\/users\/2"}],"replies":[{"embeddable":true,"href":"https:\/\/sven-teuber.info\/wordpress\/wp-json\/wp\/v2\/comments?post=66"}],"version-history":[{"count":1,"href":"https:\/\/sven-teuber.info\/wordpress\/wp-json\/wp\/v2\/posts\/66\/revisions"}],"predecessor-version":[{"id":67,"href":"https:\/\/sven-teuber.info\/wordpress\/wp-json\/wp\/v2\/posts\/66\/revisions\/67"}],"wp:attachment":[{"href":"https:\/\/sven-teuber.info\/wordpress\/wp-json\/wp\/v2\/media?parent=66"}],"wp:term":[{"taxonomy":"category","embeddable":true,"href":"https:\/\/sven-teuber.info\/wordpress\/wp-json\/wp\/v2\/categories?post=66"},{"taxonomy":"post_tag","embeddable":true,"href":"https:\/\/sven-teuber.info\/wordpress\/wp-json\/wp\/v2\/tags?post=66"}],"curies":[{"name":"wp","href":"https:\/\/api.w.org\/{rel}","templated":true}]}}