{"id":6771,"date":"2025-10-19T17:05:59","date_gmt":"2025-10-19T15:05:59","guid":{"rendered":"https:\/\/sven-teuber.info\/wordpress\/?p=6771"},"modified":"2025-10-19T17:06:03","modified_gmt":"2025-10-19T15:06:03","slug":"magie-in-fragmenten","status":"publish","type":"post","link":"https:\/\/sven-teuber.info\/wordpress\/magie-in-fragmenten\/","title":{"rendered":"Magie in Fragmenten"},"content":{"rendered":"\n\n\n<p>Was passiert, wenn alte Plakate, Schnipsel und Notizen aus dem Stadtalltag auf einem wundersch\u00f6nen Porzellanteller zu einer Collage arrangiert werden? In diesen Collagen prallen Welten aufeinander: bunt, chaotisch, wild.\u00a0<\/p>\n<p><!--more--><\/p>\n<p>Doch mittendrin strahlen die Worte \u201eLIBRE\u201d und \u201eMiracle\u201d den Betrachter direkt an.<\/p>\n<p>Da greifen H\u00e4nde, ringen F\u00fc\u00dfe, als w\u00fcrden sie selbst nach Freiheit suchen oder das kleine Wunder festhalten wollen.\u00a0<\/p>\n<p>Es geht um die Sehnsucht nach einem Durchbruch, um Hoffnung zwischen Alltagstrubel und dem Geplapper der sozialen Medien, um Nachrichten\u00fcberflutung. Die Teller werden zu Symbolen. Hier, zwischen all dem Durcheinander, findet jeder von uns seinen eigenen Moment der Freiheit oder dieses eine, kleine Wunder. Diese Collagen laden dich ein, hinzusehen, dich wiederzufinden und die Magie zu entdecken, die im urbanen Leben in K\u00f6ln-Ehrenfeld steckt..<\/p>\n<p><img data-recalc-dims=\"1\" loading=\"lazy\" decoding=\"async\" data-attachment-id=\"6770\" data-permalink=\"https:\/\/sven-teuber.info\/wordpress\/magie-in-fragmenten\/screenshot_20251018-204820\/\" data-orig-file=\"https:\/\/i0.wp.com\/sven-teuber.info\/wordpress\/wp-content\/uploads\/2025\/10\/Screenshot_20251018-204820.png?fit=1079%2C1614&amp;ssl=1\" data-orig-size=\"1079,1614\" data-comments-opened=\"1\" data-image-meta=\"{&quot;aperture&quot;:&quot;0&quot;,&quot;credit&quot;:&quot;&quot;,&quot;camera&quot;:&quot;&quot;,&quot;caption&quot;:&quot;&quot;,&quot;created_timestamp&quot;:&quot;0&quot;,&quot;copyright&quot;:&quot;&quot;,&quot;focal_length&quot;:&quot;0&quot;,&quot;iso&quot;:&quot;0&quot;,&quot;shutter_speed&quot;:&quot;0&quot;,&quot;title&quot;:&quot;&quot;,&quot;orientation&quot;:&quot;0&quot;}\" data-image-title=\"Screenshot_20251018-204820\" data-image-description=\"\" data-image-caption=\"\" data-large-file=\"https:\/\/i0.wp.com\/sven-teuber.info\/wordpress\/wp-content\/uploads\/2025\/10\/Screenshot_20251018-204820.png?fit=584%2C873&amp;ssl=1\" class=\"alignnone size-full wp-image-6770\" src=\"https:\/\/i0.wp.com\/sven-teuber.info\/wordpress\/wp-content\/uploads\/2025\/10\/Screenshot_20251018-204820.png?resize=584%2C874&#038;ssl=1\" alt=\"\" width=\"584\" height=\"874\" srcset=\"https:\/\/i0.wp.com\/sven-teuber.info\/wordpress\/wp-content\/uploads\/2025\/10\/Screenshot_20251018-204820.png?w=1079&amp;ssl=1 1079w, https:\/\/i0.wp.com\/sven-teuber.info\/wordpress\/wp-content\/uploads\/2025\/10\/Screenshot_20251018-204820.png?resize=201%2C300&amp;ssl=1 201w, https:\/\/i0.wp.com\/sven-teuber.info\/wordpress\/wp-content\/uploads\/2025\/10\/Screenshot_20251018-204820.png?resize=685%2C1024&amp;ssl=1 685w, https:\/\/i0.wp.com\/sven-teuber.info\/wordpress\/wp-content\/uploads\/2025\/10\/Screenshot_20251018-204820.png?resize=768%2C1149&amp;ssl=1 768w, https:\/\/i0.wp.com\/sven-teuber.info\/wordpress\/wp-content\/uploads\/2025\/10\/Screenshot_20251018-204820.png?resize=1027%2C1536&amp;ssl=1 1027w\" sizes=\"auto, (max-width: 584px) 100vw, 584px\" \/><\/p>\n<p><img data-recalc-dims=\"1\" loading=\"lazy\" decoding=\"async\" data-attachment-id=\"6768\" data-permalink=\"https:\/\/sven-teuber.info\/wordpress\/magie-in-fragmenten\/screenshot_20251018-210252\/\" data-orig-file=\"https:\/\/i0.wp.com\/sven-teuber.info\/wordpress\/wp-content\/uploads\/2025\/10\/Screenshot_20251018-210252.png?fit=1079%2C1617&amp;ssl=1\" data-orig-size=\"1079,1617\" data-comments-opened=\"1\" data-image-meta=\"{&quot;aperture&quot;:&quot;0&quot;,&quot;credit&quot;:&quot;&quot;,&quot;camera&quot;:&quot;&quot;,&quot;caption&quot;:&quot;&quot;,&quot;created_timestamp&quot;:&quot;0&quot;,&quot;copyright&quot;:&quot;&quot;,&quot;focal_length&quot;:&quot;0&quot;,&quot;iso&quot;:&quot;0&quot;,&quot;shutter_speed&quot;:&quot;0&quot;,&quot;title&quot;:&quot;&quot;,&quot;orientation&quot;:&quot;0&quot;}\" data-image-title=\"Screenshot_20251018-210252\" data-image-description=\"\" data-image-caption=\"\" data-large-file=\"https:\/\/i0.wp.com\/sven-teuber.info\/wordpress\/wp-content\/uploads\/2025\/10\/Screenshot_20251018-210252.png?fit=584%2C876&amp;ssl=1\" class=\"alignnone size-full wp-image-6768\" src=\"https:\/\/i0.wp.com\/sven-teuber.info\/wordpress\/wp-content\/uploads\/2025\/10\/Screenshot_20251018-210252.png?resize=584%2C875&#038;ssl=1\" alt=\"\" width=\"584\" height=\"875\" srcset=\"https:\/\/i0.wp.com\/sven-teuber.info\/wordpress\/wp-content\/uploads\/2025\/10\/Screenshot_20251018-210252.png?w=1079&amp;ssl=1 1079w, https:\/\/i0.wp.com\/sven-teuber.info\/wordpress\/wp-content\/uploads\/2025\/10\/Screenshot_20251018-210252.png?resize=200%2C300&amp;ssl=1 200w, https:\/\/i0.wp.com\/sven-teuber.info\/wordpress\/wp-content\/uploads\/2025\/10\/Screenshot_20251018-210252.png?resize=683%2C1024&amp;ssl=1 683w, https:\/\/i0.wp.com\/sven-teuber.info\/wordpress\/wp-content\/uploads\/2025\/10\/Screenshot_20251018-210252.png?resize=768%2C1151&amp;ssl=1 768w, https:\/\/i0.wp.com\/sven-teuber.info\/wordpress\/wp-content\/uploads\/2025\/10\/Screenshot_20251018-210252.png?resize=1025%2C1536&amp;ssl=1 1025w\" sizes=\"auto, (max-width: 584px) 100vw, 584px\" \/><\/p>\n<p><img data-recalc-dims=\"1\" loading=\"lazy\" decoding=\"async\" data-attachment-id=\"6769\" data-permalink=\"https:\/\/sven-teuber.info\/wordpress\/magie-in-fragmenten\/screenshot_20251018-205505\/\" data-orig-file=\"https:\/\/i0.wp.com\/sven-teuber.info\/wordpress\/wp-content\/uploads\/2025\/10\/Screenshot_20251018-205505.png?fit=1079%2C1613&amp;ssl=1\" data-orig-size=\"1079,1613\" data-comments-opened=\"1\" data-image-meta=\"{&quot;aperture&quot;:&quot;0&quot;,&quot;credit&quot;:&quot;&quot;,&quot;camera&quot;:&quot;&quot;,&quot;caption&quot;:&quot;&quot;,&quot;created_timestamp&quot;:&quot;0&quot;,&quot;copyright&quot;:&quot;&quot;,&quot;focal_length&quot;:&quot;0&quot;,&quot;iso&quot;:&quot;0&quot;,&quot;shutter_speed&quot;:&quot;0&quot;,&quot;title&quot;:&quot;&quot;,&quot;orientation&quot;:&quot;0&quot;}\" data-image-title=\"Screenshot_20251018-205505\" data-image-description=\"\" data-image-caption=\"\" data-large-file=\"https:\/\/i0.wp.com\/sven-teuber.info\/wordpress\/wp-content\/uploads\/2025\/10\/Screenshot_20251018-205505.png?fit=584%2C873&amp;ssl=1\" class=\"alignnone size-full wp-image-6769\" src=\"https:\/\/i0.wp.com\/sven-teuber.info\/wordpress\/wp-content\/uploads\/2025\/10\/Screenshot_20251018-205505.png?resize=584%2C873&#038;ssl=1\" alt=\"\" width=\"584\" height=\"873\" srcset=\"https:\/\/i0.wp.com\/sven-teuber.info\/wordpress\/wp-content\/uploads\/2025\/10\/Screenshot_20251018-205505.png?w=1079&amp;ssl=1 1079w, https:\/\/i0.wp.com\/sven-teuber.info\/wordpress\/wp-content\/uploads\/2025\/10\/Screenshot_20251018-205505.png?resize=201%2C300&amp;ssl=1 201w, https:\/\/i0.wp.com\/sven-teuber.info\/wordpress\/wp-content\/uploads\/2025\/10\/Screenshot_20251018-205505.png?resize=685%2C1024&amp;ssl=1 685w, https:\/\/i0.wp.com\/sven-teuber.info\/wordpress\/wp-content\/uploads\/2025\/10\/Screenshot_20251018-205505.png?resize=768%2C1148&amp;ssl=1 768w, https:\/\/i0.wp.com\/sven-teuber.info\/wordpress\/wp-content\/uploads\/2025\/10\/Screenshot_20251018-205505.png?resize=1027%2C1536&amp;ssl=1 1027w\" sizes=\"auto, (max-width: 584px) 100vw, 584px\" \/><\/p>\n\n\n","protected":false},"excerpt":{"rendered":"<p>Was passiert, wenn alte Plakate, Schnipsel und Notizen aus dem Stadtalltag auf einem wundersch\u00f6nen Porzellanteller zu einer Collage arrangiert werden? In diesen Collagen prallen Welten aufeinander: bunt, chaotisch, wild.\u00a0<\/p>\n","protected":false},"author":2,"featured_media":0,"comment_status":"open","ping_status":"open","sticky":false,"template":"","format":"standard","meta":{"_crdt_document":"","jetpack_post_was_ever_published":false,"_jetpack_newsletter_access":"","_jetpack_dont_email_post_to_subs":false,"_jetpack_newsletter_tier_id":0,"_jetpack_memberships_contains_paywalled_content":false,"_jetpack_memberships_contains_paid_content":false,"footnotes":"","jetpack_publicize_message":"","jetpack_publicize_feature_enabled":true,"jetpack_social_post_already_shared":true,"jetpack_social_options":{"image_generator_settings":{"template":"highway","default_image_id":0,"font":"","enabled":false},"version":2}},"categories":[1,839,3,502,19],"tags":[194,106,643,457],"class_list":["post-6771","post","type-post","status-publish","format-standard","hentry","category-allgemein","category-digital-painting","category-for-your-information","category-politik","category-streetart","tag-digital-painting","tag-gesellschaft","tag-koeln","tag-politik"],"jetpack_publicize_connections":[],"jetpack_featured_media_url":"","jetpack_sharing_enabled":true,"jetpack_shortlink":"https:\/\/wp.me\/p3CWBT-1Ld","jetpack-related-posts":[{"id":2802,"url":"https:\/\/sven-teuber.info\/wordpress\/ausstellung-dosenfutter-vernissage-17-03-ab-1800-buergeramt-kalk\/","url_meta":{"origin":6771,"position":0},"title":"Ausstellung &#8222;Dosenfutter&#8220;. Kunst im Bezirksrathaus Kalk bis 26 Mai","author":"steuber","date":"2. M\u00e4rz 2015","format":false,"excerpt":"Ab dem 17. M\u00e4rz verl\u00e4ngert bis zum 26. Mai 2015 stellt der K\u00fcnstler Sven Teuber aus H\u00fcrth seine Werke im B\u00fcrgeramt Kalk aus. (\u00d6ffnungszeiten: Mo.-Do.: 8 bis 12 und 14 bis 18 Uhr; Fr.: 8 bis 12 Uhr) 51103 K\u00f6ln, Kalker Hauptstr. 247 - 273 Vernissage 17.03.15, beginn 18:00 Uhr\u2026","rel":"","context":"In &quot;Allgemein&quot;","block_context":{"text":"Allgemein","link":"https:\/\/sven-teuber.info\/wordpress\/category\/allgemein\/"},"img":{"alt_text":"Dossenfutter-K\u00f6ln","src":"https:\/\/i0.wp.com\/sven-teuber.info\/wordpress\/wp-content\/uploads\/2015\/03\/Dossenfutter-K%C3%B6ln.jpg?resize=350%2C200","width":350,"height":200,"srcset":"https:\/\/i0.wp.com\/sven-teuber.info\/wordpress\/wp-content\/uploads\/2015\/03\/Dossenfutter-K%C3%B6ln.jpg?resize=350%2C200 1x, https:\/\/i0.wp.com\/sven-teuber.info\/wordpress\/wp-content\/uploads\/2015\/03\/Dossenfutter-K%C3%B6ln.jpg?resize=525%2C300 1.5x, https:\/\/i0.wp.com\/sven-teuber.info\/wordpress\/wp-content\/uploads\/2015\/03\/Dossenfutter-K%C3%B6ln.jpg?resize=700%2C400 2x"},"classes":[]},{"id":6704,"url":"https:\/\/sven-teuber.info\/wordpress\/die-zauberei-der-doppelbelichtung-in-der-app-licht-und-ebenekunst\/","url_meta":{"origin":6771,"position":1},"title":"Die Zauberei der Doppelbelichtung in der App: Licht- und Ebenekunst.","author":"steuber","date":"30. September 2025","format":false,"excerpt":"Die nachfolgenden Fotos wurden in K\u00f6ln Ehrenfeld gemacht. Die Komposition jedes Bildes glich einem Balanceakt: Jedes Motiv entspringt einer eigenen Idee und bewahrt kleine Geheimnisse, die sich erst Ihrem verweilenden Blick offenbaren. Die Methode der Doppelbelichtung ist l\u00e4ngst nicht mehr nur ein \u00dcberbleibsel aus der analogen Dunkelkammer. Dieser k\u00fcnstlerische Prozess\u2026","rel":"","context":"In &quot;Allgemein&quot;","block_context":{"text":"Allgemein","link":"https:\/\/sven-teuber.info\/wordpress\/category\/allgemein\/"},"img":{"alt_text":"","src":"https:\/\/i0.wp.com\/sven-teuber.info\/wordpress\/wp-content\/uploads\/2025\/09\/Doppelbel-Ehrenfeld-1.jpg?resize=350%2C200","width":350,"height":200,"srcset":"https:\/\/i0.wp.com\/sven-teuber.info\/wordpress\/wp-content\/uploads\/2025\/09\/Doppelbel-Ehrenfeld-1.jpg?resize=350%2C200 1x, https:\/\/i0.wp.com\/sven-teuber.info\/wordpress\/wp-content\/uploads\/2025\/09\/Doppelbel-Ehrenfeld-1.jpg?resize=525%2C300 1.5x"},"classes":[]},{"id":5880,"url":"https:\/\/sven-teuber.info\/wordpress\/titel-das-blaue-wunder\/","url_meta":{"origin":6771,"position":2},"title":"Titel: Das blaue Wunder","author":"steuber","date":"26. Februar 2023","format":false,"excerpt":"Titel: Das blaue Wunder, ST 2023","rel":"","context":"In &quot;Allgemein&quot;","block_context":{"text":"Allgemein","link":"https:\/\/sven-teuber.info\/wordpress\/category\/allgemein\/"},"img":{"alt_text":"","src":"https:\/\/i0.wp.com\/sven-teuber.info\/wordpress\/wp-content\/uploads\/2023\/02\/Das-Blaues-Wunder.jpg?resize=350%2C200&ssl=1","width":350,"height":200,"srcset":"https:\/\/i0.wp.com\/sven-teuber.info\/wordpress\/wp-content\/uploads\/2023\/02\/Das-Blaues-Wunder.jpg?resize=350%2C200&ssl=1 1x, https:\/\/i0.wp.com\/sven-teuber.info\/wordpress\/wp-content\/uploads\/2023\/02\/Das-Blaues-Wunder.jpg?resize=525%2C300&ssl=1 1.5x, https:\/\/i0.wp.com\/sven-teuber.info\/wordpress\/wp-content\/uploads\/2023\/02\/Das-Blaues-Wunder.jpg?resize=700%2C400&ssl=1 2x"},"classes":[]},{"id":6596,"url":"https:\/\/sven-teuber.info\/wordpress\/dada-und-die-experimentelle-fotografie-konzepte-kuenstler-und-aktualitaet\/","url_meta":{"origin":6771,"position":3},"title":"Dada und die experimentelle Fotografie: Konzepte, K\u00fcnstler und Aktualit\u00e4t","author":"steuber","date":"18. August 2025","format":false,"excerpt":"1. Einleitung: Bedeutung von Dada in der Fotografie Die Dada-Bewegung, entstanden 1916 im Z\u00fcrcher Cabaret Voltaire, gilt als eine der radikalsten k\u00fcnstlerischen Str\u00f6mungen des 20. Jahrhunderts. Sie war weniger ein Stil als vielmehr eine Haltung: der bewusste Bruch mit tradierten Kunstnormen, die Ablehnung rationaler Systeme und die Hinwendung zum Absurden,\u2026","rel":"","context":"In &quot;Allgemein&quot;","block_context":{"text":"Allgemein","link":"https:\/\/sven-teuber.info\/wordpress\/category\/allgemein\/"},"img":{"alt_text":"","src":"","width":0,"height":0},"classes":[]},{"id":5771,"url":"https:\/\/sven-teuber.info\/wordpress\/grinsekatze\/","url_meta":{"origin":6771,"position":4},"title":"Grinsekatze","author":"steuber","date":"28. November 2022","format":false,"excerpt":"Alice irrt durch den Garten der K\u00f6nigin und trifft die Grinsekatze:\"W\u00fcrdest Du mir bitte sagen, welchen Weg ich einschlagen muss?\", fragt Alice.\"Das h\u00e4ngt in betr\u00e4chtlichem Ma\u00dfe davon ab, wohin du gehen willst\", antwortete die Katze.\"Oh, das ist mir ziemlich gleichg\u00fcltig\", sagte Alice.\"Dann ist es auch einerlei, welchen Weg du einschl\u00e4gst\",\u2026","rel":"","context":"In &quot;Allgemein&quot;","block_context":{"text":"Allgemein","link":"https:\/\/sven-teuber.info\/wordpress\/category\/allgemein\/"},"img":{"alt_text":"","src":"https:\/\/i0.wp.com\/sven-teuber.info\/wordpress\/wp-content\/uploads\/2022\/11\/c43b514d4eac6a64.jpg?resize=350%2C200&ssl=1","width":350,"height":200,"srcset":"https:\/\/i0.wp.com\/sven-teuber.info\/wordpress\/wp-content\/uploads\/2022\/11\/c43b514d4eac6a64.jpg?resize=350%2C200&ssl=1 1x, https:\/\/i0.wp.com\/sven-teuber.info\/wordpress\/wp-content\/uploads\/2022\/11\/c43b514d4eac6a64.jpg?resize=525%2C300&ssl=1 1.5x, https:\/\/i0.wp.com\/sven-teuber.info\/wordpress\/wp-content\/uploads\/2022\/11\/c43b514d4eac6a64.jpg?resize=700%2C400&ssl=1 2x"},"classes":[]},{"id":2312,"url":"https:\/\/sven-teuber.info\/wordpress\/title-m-collage\/","url_meta":{"origin":6771,"position":5},"title":"Title: M Collage","author":"steuber","date":"24. August 2014","format":false,"excerpt":"Format 120 cm x 80 xm Canvas","rel":"","context":"In &quot;Allgemein&quot;","block_context":{"text":"Allgemein","link":"https:\/\/sven-teuber.info\/wordpress\/category\/allgemein\/"},"img":{"alt_text":"M","src":"https:\/\/i0.wp.com\/sven-teuber.info\/wordpress\/wp-content\/uploads\/2014\/08\/M-427x576.jpg?resize=350%2C200","width":350,"height":200},"classes":[]}],"jetpack_likes_enabled":true,"_links":{"self":[{"href":"https:\/\/sven-teuber.info\/wordpress\/wp-json\/wp\/v2\/posts\/6771","targetHints":{"allow":["GET"]}}],"collection":[{"href":"https:\/\/sven-teuber.info\/wordpress\/wp-json\/wp\/v2\/posts"}],"about":[{"href":"https:\/\/sven-teuber.info\/wordpress\/wp-json\/wp\/v2\/types\/post"}],"author":[{"embeddable":true,"href":"https:\/\/sven-teuber.info\/wordpress\/wp-json\/wp\/v2\/users\/2"}],"replies":[{"embeddable":true,"href":"https:\/\/sven-teuber.info\/wordpress\/wp-json\/wp\/v2\/comments?post=6771"}],"version-history":[{"count":1,"href":"https:\/\/sven-teuber.info\/wordpress\/wp-json\/wp\/v2\/posts\/6771\/revisions"}],"predecessor-version":[{"id":6772,"href":"https:\/\/sven-teuber.info\/wordpress\/wp-json\/wp\/v2\/posts\/6771\/revisions\/6772"}],"wp:attachment":[{"href":"https:\/\/sven-teuber.info\/wordpress\/wp-json\/wp\/v2\/media?parent=6771"}],"wp:term":[{"taxonomy":"category","embeddable":true,"href":"https:\/\/sven-teuber.info\/wordpress\/wp-json\/wp\/v2\/categories?post=6771"},{"taxonomy":"post_tag","embeddable":true,"href":"https:\/\/sven-teuber.info\/wordpress\/wp-json\/wp\/v2\/tags?post=6771"}],"curies":[{"name":"wp","href":"https:\/\/api.w.org\/{rel}","templated":true}]}}