{"id":88,"date":"2013-03-01T14:59:57","date_gmt":"2013-03-01T13:59:57","guid":{"rendered":"http:\/\/sven-teuber.info\/wordpress\/?p=88"},"modified":"2013-03-01T15:14:53","modified_gmt":"2013-03-01T14:14:53","slug":"some-unforgettable-impressions-on-february-2013","status":"publish","type":"post","link":"https:\/\/sven-teuber.info\/wordpress\/some-unforgettable-impressions-on-february-2013\/","title":{"rendered":"Some unforgettable impressions on February 2013"},"content":{"rendered":"<p><strong><em><strong><b>Rhenish lignite <\/b><b>min<\/b><b>ing<\/b><b> regi<\/b><b>on<\/b><\/strong>: Heider Bergsee<\/em>, in the vicinity of H\u00fcrth \/ Cologne.\u00a0<b><\/b> <\/strong> <a href=\"https:\/\/i0.wp.com\/sven-teuber.info\/wordpress\/wp-content\/uploads\/2013\/02\/P1020528-Bearbeitet.jpg?ssl=1\" rel=\"lightbox[88]\"><img data-recalc-dims=\"1\" loading=\"lazy\" decoding=\"async\" data-attachment-id=\"77\" data-permalink=\"https:\/\/sven-teuber.info\/wordpress\/72\/p1020528-bearbeitet\/\" data-orig-file=\"https:\/\/i0.wp.com\/sven-teuber.info\/wordpress\/wp-content\/uploads\/2013\/02\/P1020528-Bearbeitet.jpg?fit=1000%2C750&amp;ssl=1\" data-orig-size=\"1000,750\" data-comments-opened=\"1\" data-image-meta=\"{&quot;aperture&quot;:&quot;6.3&quot;,&quot;credit&quot;:&quot;Sven Teuber&quot;,&quot;camera&quot;:&quot;DMC-TZ10&quot;,&quot;caption&quot;:&quot;&quot;,&quot;created_timestamp&quot;:&quot;1358000256&quot;,&quot;copyright&quot;:&quot;Sven Teuber&quot;,&quot;focal_length&quot;:&quot;49.2&quot;,&quot;iso&quot;:&quot;80&quot;,&quot;shutter_speed&quot;:&quot;0.001&quot;,&quot;title&quot;:&quot;&quot;}\" data-image-title=\"See\" data-image-description=\"\" data-image-caption=\"\" data-large-file=\"https:\/\/i0.wp.com\/sven-teuber.info\/wordpress\/wp-content\/uploads\/2013\/02\/P1020528-Bearbeitet.jpg?fit=584%2C438&amp;ssl=1\" class=\"alignnone size-full wp-image-77\" alt=\"See\" src=\"https:\/\/i0.wp.com\/sven-teuber.info\/wordpress\/wp-content\/uploads\/2013\/02\/P1020528-Bearbeitet.jpg?resize=584%2C438&#038;ssl=1\" width=\"584\" height=\"438\" srcset=\"https:\/\/i0.wp.com\/sven-teuber.info\/wordpress\/wp-content\/uploads\/2013\/02\/P1020528-Bearbeitet.jpg?w=1000&amp;ssl=1 1000w, https:\/\/i0.wp.com\/sven-teuber.info\/wordpress\/wp-content\/uploads\/2013\/02\/P1020528-Bearbeitet.jpg?resize=300%2C225&amp;ssl=1 300w, https:\/\/i0.wp.com\/sven-teuber.info\/wordpress\/wp-content\/uploads\/2013\/02\/P1020528-Bearbeitet.jpg?resize=624%2C468&amp;ssl=1 624w\" sizes=\"auto, (max-width: 584px) 100vw, 584px\" \/><\/a><\/p>\n<p><strong>From the terrace of &#8222;Haus am See&#8220; in Cologne<\/strong><\/p>\n<p><a href=\"https:\/\/i0.wp.com\/sven-teuber.info\/wordpress\/wp-content\/uploads\/2013\/02\/P1020632-Bearbeitet1.jpg?ssl=1\" rel=\"lightbox[88]\"><img data-recalc-dims=\"1\" loading=\"lazy\" decoding=\"async\" data-attachment-id=\"80\" data-permalink=\"https:\/\/sven-teuber.info\/wordpress\/72\/p1020632-bearbeitet-2\/\" data-orig-file=\"https:\/\/i0.wp.com\/sven-teuber.info\/wordpress\/wp-content\/uploads\/2013\/02\/P1020632-Bearbeitet1.jpg?fit=1000%2C750&amp;ssl=1\" data-orig-size=\"1000,750\" data-comments-opened=\"1\" data-image-meta=\"{&quot;aperture&quot;:&quot;5&quot;,&quot;credit&quot;:&quot;Sven Teuber&quot;,&quot;camera&quot;:&quot;DMC-TZ10&quot;,&quot;caption&quot;:&quot;&quot;,&quot;created_timestamp&quot;:&quot;1361114827&quot;,&quot;copyright&quot;:&quot;Sven Teuber&quot;,&quot;focal_length&quot;:&quot;4.4&quot;,&quot;iso&quot;:&quot;125&quot;,&quot;shutter_speed&quot;:&quot;0.0025&quot;,&quot;title&quot;:&quot;&quot;}\" data-image-title=\"Last Exit\" data-image-description=\"\" data-image-caption=\"\" data-large-file=\"https:\/\/i0.wp.com\/sven-teuber.info\/wordpress\/wp-content\/uploads\/2013\/02\/P1020632-Bearbeitet1.jpg?fit=584%2C438&amp;ssl=1\" class=\"alignnone size-full wp-image-80\" alt=\"Last Exit\" src=\"https:\/\/i0.wp.com\/sven-teuber.info\/wordpress\/wp-content\/uploads\/2013\/02\/P1020632-Bearbeitet1.jpg?resize=584%2C438&#038;ssl=1\" width=\"584\" height=\"438\" srcset=\"https:\/\/i0.wp.com\/sven-teuber.info\/wordpress\/wp-content\/uploads\/2013\/02\/P1020632-Bearbeitet1.jpg?w=1000&amp;ssl=1 1000w, https:\/\/i0.wp.com\/sven-teuber.info\/wordpress\/wp-content\/uploads\/2013\/02\/P1020632-Bearbeitet1.jpg?resize=300%2C225&amp;ssl=1 300w, https:\/\/i0.wp.com\/sven-teuber.info\/wordpress\/wp-content\/uploads\/2013\/02\/P1020632-Bearbeitet1.jpg?resize=624%2C468&amp;ssl=1 624w\" sizes=\"auto, (max-width: 584px) 100vw, 584px\" \/><\/a><\/p>\n<p><b>T<\/b><b>he<\/b><b> reduction <\/b><b>to <\/b><b>th<\/b><b>e <\/b><b>essentials<\/b>,\u00a0<b>bod<\/b><b>y contours<\/b><b> a<\/b><b>nd colours <\/b><\/p>\n<p><a href=\"https:\/\/i0.wp.com\/sven-teuber.info\/wordpress\/wp-content\/uploads\/2013\/02\/P1020559.jpg?ssl=1\" rel=\"lightbox[88]\"><img data-recalc-dims=\"1\" loading=\"lazy\" decoding=\"async\" data-attachment-id=\"76\" data-permalink=\"https:\/\/sven-teuber.info\/wordpress\/72\/p1020559\/\" data-orig-file=\"https:\/\/i0.wp.com\/sven-teuber.info\/wordpress\/wp-content\/uploads\/2013\/02\/P1020559.jpg?fit=750%2C1000&amp;ssl=1\" data-orig-size=\"750,1000\" data-comments-opened=\"1\" data-image-meta=\"{&quot;aperture&quot;:&quot;4.9&quot;,&quot;credit&quot;:&quot;Sven Teuber&quot;,&quot;camera&quot;:&quot;DMC-TZ10&quot;,&quot;caption&quot;:&quot;&quot;,&quot;created_timestamp&quot;:&quot;1360504433&quot;,&quot;copyright&quot;:&quot;Sven Teuber&quot;,&quot;focal_length&quot;:&quot;49.2&quot;,&quot;iso&quot;:&quot;100&quot;,&quot;shutter_speed&quot;:&quot;0.016666666666667&quot;,&quot;title&quot;:&quot;&quot;}\" data-image-title=\"Who is it?\" data-image-description=\"\" data-image-caption=\"\" data-large-file=\"https:\/\/i0.wp.com\/sven-teuber.info\/wordpress\/wp-content\/uploads\/2013\/02\/P1020559.jpg?fit=584%2C779&amp;ssl=1\" class=\"alignnone size-full wp-image-76\" alt=\"Who is it?\" src=\"https:\/\/i0.wp.com\/sven-teuber.info\/wordpress\/wp-content\/uploads\/2013\/02\/P1020559.jpg?resize=584%2C779&#038;ssl=1\" width=\"584\" height=\"779\" srcset=\"https:\/\/i0.wp.com\/sven-teuber.info\/wordpress\/wp-content\/uploads\/2013\/02\/P1020559.jpg?w=750&amp;ssl=1 750w, https:\/\/i0.wp.com\/sven-teuber.info\/wordpress\/wp-content\/uploads\/2013\/02\/P1020559.jpg?resize=225%2C300&amp;ssl=1 225w, https:\/\/i0.wp.com\/sven-teuber.info\/wordpress\/wp-content\/uploads\/2013\/02\/P1020559.jpg?resize=624%2C832&amp;ssl=1 624w\" sizes=\"auto, (max-width: 584px) 100vw, 584px\" \/><\/a><\/p>\n<p><a href=\"https:\/\/i0.wp.com\/sven-teuber.info\/wordpress\/wp-content\/uploads\/2013\/02\/P1020562.jpg?ssl=1\" rel=\"lightbox[88]\"><img data-recalc-dims=\"1\" loading=\"lazy\" decoding=\"async\" data-attachment-id=\"79\" data-permalink=\"https:\/\/sven-teuber.info\/wordpress\/72\/p1020562\/\" data-orig-file=\"https:\/\/i0.wp.com\/sven-teuber.info\/wordpress\/wp-content\/uploads\/2013\/02\/P1020562.jpg?fit=750%2C1000&amp;ssl=1\" data-orig-size=\"750,1000\" data-comments-opened=\"1\" data-image-meta=\"{&quot;aperture&quot;:&quot;4.8&quot;,&quot;credit&quot;:&quot;Sven Teuber&quot;,&quot;camera&quot;:&quot;DMC-TZ10&quot;,&quot;caption&quot;:&quot;&quot;,&quot;created_timestamp&quot;:&quot;1360504549&quot;,&quot;copyright&quot;:&quot;Sven Teuber&quot;,&quot;focal_length&quot;:&quot;45.7&quot;,&quot;iso&quot;:&quot;100&quot;,&quot;shutter_speed&quot;:&quot;0.016666666666667&quot;,&quot;title&quot;:&quot;&quot;}\" data-image-title=\"Who is it\" data-image-description=\"\" data-image-caption=\"\" data-large-file=\"https:\/\/i0.wp.com\/sven-teuber.info\/wordpress\/wp-content\/uploads\/2013\/02\/P1020562.jpg?fit=584%2C779&amp;ssl=1\" class=\"alignnone size-full wp-image-79\" alt=\"Who is it\" src=\"https:\/\/i0.wp.com\/sven-teuber.info\/wordpress\/wp-content\/uploads\/2013\/02\/P1020562.jpg?resize=584%2C779&#038;ssl=1\" width=\"584\" height=\"779\" srcset=\"https:\/\/i0.wp.com\/sven-teuber.info\/wordpress\/wp-content\/uploads\/2013\/02\/P1020562.jpg?w=750&amp;ssl=1 750w, https:\/\/i0.wp.com\/sven-teuber.info\/wordpress\/wp-content\/uploads\/2013\/02\/P1020562.jpg?resize=225%2C300&amp;ssl=1 225w, https:\/\/i0.wp.com\/sven-teuber.info\/wordpress\/wp-content\/uploads\/2013\/02\/P1020562.jpg?resize=624%2C832&amp;ssl=1 624w\" sizes=\"auto, (max-width: 584px) 100vw, 584px\" \/><\/a><\/p>\n","protected":false},"excerpt":{"rendered":"<p>Rhenish lignite mining region: Heider Bergsee, in the vicinity of H\u00fcrth \/ Cologne.\u00a0 From the terrace of &#8222;Haus am See&#8220; in Cologne The reduction to the essentials,\u00a0body contours and colours<\/p>\n","protected":false},"author":2,"featured_media":0,"comment_status":"open","ping_status":"closed","sticky":false,"template":"","format":"image","meta":{"_crdt_document":"","jetpack_post_was_ever_published":false,"_jetpack_newsletter_access":"","_jetpack_dont_email_post_to_subs":false,"_jetpack_newsletter_tier_id":0,"_jetpack_memberships_contains_paywalled_content":false,"_jetpack_memberships_contains_paid_content":false,"footnotes":"","jetpack_publicize_message":"","jetpack_publicize_feature_enabled":true,"jetpack_social_post_already_shared":false,"jetpack_social_options":{"image_generator_settings":{"template":"highway","default_image_id":0,"font":"","enabled":false},"version":2}},"categories":[2],"tags":[18],"class_list":["post-88","post","type-post","status-publish","format-image","hentry","category-photographie","tag-february-2013","post_format-post-format-image"],"jetpack_publicize_connections":[],"jetpack_featured_media_url":"","jetpack_sharing_enabled":true,"jetpack_shortlink":"https:\/\/wp.me\/p3CWBT-1q","jetpack-related-posts":[{"id":2792,"url":"https:\/\/sven-teuber.info\/wordpress\/artclub-best-of-art-and-culture-in-cologne\/","url_meta":{"origin":88,"position":0},"title":"Artclub best of ART and culture in Cologne","author":"","date":"25. Februar 2015","format":"gallery","excerpt":"MM-Cityguide K\u00f6ln\u00a0\/\u00a0Januar MARCO POLO Touristikf\u00fchrer\u00a0\/\u00a0Januar The culture trip\u00a0\/\u00a0Januar\u00a0\u00a0\u00a0zur Originalseite About artclub artclub Melchiorstra\u00dfe 14 in 50670 K\u00f6ln Ge\u00f6ffnet: Montag bis Sonntag von 15.00 bis 20.00 Uhr \u00a0","rel":"","context":"In &quot;Allgemein&quot;","block_context":{"text":"Allgemein","link":"https:\/\/sven-teuber.info\/wordpress\/category\/allgemein\/"},"img":{"alt_text":"presse_2015_01","src":"https:\/\/i0.wp.com\/sven-teuber.info\/wordpress\/wp-content\/uploads\/2015\/02\/presse_2015_01.jpg?resize=350%2C200","width":350,"height":200,"srcset":"https:\/\/i0.wp.com\/sven-teuber.info\/wordpress\/wp-content\/uploads\/2015\/02\/presse_2015_01.jpg?resize=350%2C200 1x, https:\/\/i0.wp.com\/sven-teuber.info\/wordpress\/wp-content\/uploads\/2015\/02\/presse_2015_01.jpg?resize=525%2C300 1.5x, https:\/\/i0.wp.com\/sven-teuber.info\/wordpress\/wp-content\/uploads\/2015\/02\/presse_2015_01.jpg?resize=700%2C400 2x"},"classes":[]},{"id":178,"url":"https:\/\/sven-teuber.info\/wordpress\/kranhauser-koln\/","url_meta":{"origin":88,"position":1},"title":"Kranh\u00e4user K\u00f6ln \/ Cologne","author":"steuber","date":"25. Mai 2013","format":"image","excerpt":"Kranh\u00e4user in Cologne \u00a0 Date: 2013\/05 Orginal \/ individual item\u00a0Painture, Dimensions height 80cm x width 120 cm","rel":"","context":"In &quot;Peinture&quot;","block_context":{"text":"Peinture","link":"https:\/\/sven-teuber.info\/wordpress\/category\/peinture\/"},"img":{"alt_text":"","src":"https:\/\/i0.wp.com\/sven-teuber.info\/wordpress\/wp-content\/uploads\/2013\/05\/Kranh%C3%A4user-Cologne-A.jpg?resize=350%2C200","width":350,"height":200,"srcset":"https:\/\/i0.wp.com\/sven-teuber.info\/wordpress\/wp-content\/uploads\/2013\/05\/Kranh%C3%A4user-Cologne-A.jpg?resize=350%2C200 1x, https:\/\/i0.wp.com\/sven-teuber.info\/wordpress\/wp-content\/uploads\/2013\/05\/Kranh%C3%A4user-Cologne-A.jpg?resize=525%2C300 1.5x"},"classes":[]},{"id":2126,"url":"https:\/\/sven-teuber.info\/wordpress\/artclub-aktionskuenstler-parzival-auf-der-art-cologne\/","url_meta":{"origin":88,"position":2},"title":"Artclub, Aktionsk\u00fcnstler Parzival auf der Art Cologne","author":"steuber","date":"13. April 2014","format":false,"excerpt":"Zur Kunstaktion: Bei der Aktion wird der Mensch in analoger Form zur Schnittstelle zur digitalen Welt. Ich selbst hatte nicht mal ein Handy und keinerlei digitales Ger\u00e4t am K\u00f6rper, blieb also komplett analog und schaltete mich \"nur\" auf diesem Weg in die digitale Welt ein - um den artclub so\u2026","rel":"","context":"In &quot;Allgemein&quot;","block_context":{"text":"Allgemein","link":"https:\/\/sven-teuber.info\/wordpress\/category\/allgemein\/"},"img":{"alt_text":"","src":"","width":0,"height":0},"classes":[]},{"id":40,"url":"https:\/\/sven-teuber.info\/wordpress\/knapsack\/","url_meta":{"origin":88,"position":3},"title":"Knapsack","author":"steuber","date":"9. Februar 2013","format":false,"excerpt":"[singlepic id=2 w=100 h=75 float=left] Series of industrial photographs near Cologne, H\u00fcrth. For more informations visit Wikipedia.","rel":"","context":"In &quot;Photographie&quot;","block_context":{"text":"Photographie","link":"https:\/\/sven-teuber.info\/wordpress\/category\/photographie\/"},"img":{"alt_text":"","src":"","width":0,"height":0},"classes":[]},{"id":6277,"url":"https:\/\/sven-teuber.info\/wordpress\/koerner-strasse-in-koeln-ehrenfeld\/","url_meta":{"origin":88,"position":4},"title":"K\u00f6rner Stra\u00dfe in K\u00f6ln Ehrenfeld","author":"steuber","date":"21. Juni 2024","format":false,"excerpt":"Entdeckungen auf der K\u00f6rner Stra\u00dfe in K\u00f6ln Ehrenfeld: Ein fotografisches Abenteuer Die K\u00f6rner Stra\u00dfe in Ehrenfeld ist ein Paradies f\u00fcr Fotografen und Kunstliebhaber der StreetArt. Besonders w\u00e4hrend der Ausstellung STUDIO COLOGNE (24. Mai - 23. Juni 2024) verwandelt sich die charmante Stra\u00dfe in eine lebendige Galerie. Die historische Architektur der\u2026","rel":"","context":"In &quot;Allgemein&quot;","block_context":{"text":"Allgemein","link":"https:\/\/sven-teuber.info\/wordpress\/category\/allgemein\/"},"img":{"alt_text":"","src":"https:\/\/i0.wp.com\/sven-teuber.info\/wordpress\/wp-content\/uploads\/2024\/06\/MG_3869-A-200x300.jpg?resize=350%2C200&ssl=1","width":350,"height":200},"classes":[]},{"id":2033,"url":"https:\/\/sven-teuber.info\/wordpress\/nternational-photography-award-2014\/","url_meta":{"origin":88,"position":5},"title":"INTERNATIONAL PHOTOGRAPHY AWARD 2014","author":"steuber","date":"12. Februar 2014","format":false,"excerpt":"THEME \u201cTHE WORLD \u2013 Faces. Places. Spaces\u201d offers a vast field of possibilities for photographers to explore: from simple and every-day subjects related to city-life and people, to complex hybrids of identities, cultures and places as results of our contemporary WORLD. JURY Luca Curci (Architect, Artist, Director of It\u2019s LIQUID\u2026","rel":"","context":"In &quot;Exhibition&quot;","block_context":{"text":"Exhibition","link":"https:\/\/sven-teuber.info\/wordpress\/category\/exhibition\/"},"img":{"alt_text":"","src":"","width":0,"height":0},"classes":[]}],"jetpack_likes_enabled":true,"_links":{"self":[{"href":"https:\/\/sven-teuber.info\/wordpress\/wp-json\/wp\/v2\/posts\/88","targetHints":{"allow":["GET"]}}],"collection":[{"href":"https:\/\/sven-teuber.info\/wordpress\/wp-json\/wp\/v2\/posts"}],"about":[{"href":"https:\/\/sven-teuber.info\/wordpress\/wp-json\/wp\/v2\/types\/post"}],"author":[{"embeddable":true,"href":"https:\/\/sven-teuber.info\/wordpress\/wp-json\/wp\/v2\/users\/2"}],"replies":[{"embeddable":true,"href":"https:\/\/sven-teuber.info\/wordpress\/wp-json\/wp\/v2\/comments?post=88"}],"version-history":[{"count":4,"href":"https:\/\/sven-teuber.info\/wordpress\/wp-json\/wp\/v2\/posts\/88\/revisions"}],"predecessor-version":[{"id":91,"href":"https:\/\/sven-teuber.info\/wordpress\/wp-json\/wp\/v2\/posts\/88\/revisions\/91"}],"wp:attachment":[{"href":"https:\/\/sven-teuber.info\/wordpress\/wp-json\/wp\/v2\/media?parent=88"}],"wp:term":[{"taxonomy":"category","embeddable":true,"href":"https:\/\/sven-teuber.info\/wordpress\/wp-json\/wp\/v2\/categories?post=88"},{"taxonomy":"post_tag","embeddable":true,"href":"https:\/\/sven-teuber.info\/wordpress\/wp-json\/wp\/v2\/tags?post=88"}],"curies":[{"name":"wp","href":"https:\/\/api.w.org\/{rel}","templated":true}]}}